{"id":22766,"date":"2015-05-07T15:36:38","date_gmt":"2015-05-07T12:36:38","guid":{"rendered":"http:\/\/sana.sy\/es\/?p=22766"},"modified":"2015-05-07T16:12:59","modified_gmt":"2015-05-07T13:12:59","slug":"al-halqui-encabeza-una-reunion-extraordinaria-del-consejo-nacional-de-la-industria-farmaceutica","status":"publish","type":"post","link":"https:\/\/archive.sana.sy\/es\/?p=22766","title":{"rendered":"Al-Halqui encabeza una reuni\u00f3n extraordinaria del Consejo Nacional de la Industria Farmac\u00e9utica"},"content":{"rendered":"<p><span style=\"color: #800000\">Damasco, SANA<\/span><\/p>\n<p>El jefe del Ejecutivo, Wael al-Halqui encabez\u00f3 este jueves una reuni\u00f3n extraordinaria del Consejo Nacional de la Industria Farmac\u00e9utica.<\/p>\n<p>Durante la reuni\u00f3n, el Primer Ministro destac\u00f3 la necesidad de que \u00a0los \u00f3rganos p\u00fablicos y privados trabajan conjuntamente para resolver las dificultades que enfrentan el sector farmac\u00e9utico.<\/p>\n<p>Al-Halqui aclar\u00f3 que \u201cla protecci\u00f3n de la industria farmac\u00e9utica es una de las metas principales y estrat\u00e9gicas del Gobierno\u201d.<\/p>\n<p>Asimismo ratific\u00f3 el inter\u00e9s del Gobierno en alentar la investigaci\u00f3n cient\u00edfica en el campo medic\u00f3 a fin de producir nuevos medicamentos que puedan competir a nivel internacional.<\/p>\n<p>El jefe del Gabinete aclar\u00f3 que la producci\u00f3n del medicamento local sigue desarroll\u00e1ndose pese a los sistem\u00e1ticos actos de saboteo y de saqueo llevados a cabo por las organizaciones terroristas contra el sector m\u00e9dico y farmac\u00e9utico y las f\u00e1bricas farmac\u00e9uticas, y las grandes p\u00e9rdidas materiales sufridas por los industrialistas.<\/p>\n<p>Al-Halqui se\u00f1al\u00f3 que el sector farmac\u00e9utico constituye una \u201cfuerza econ\u00f3micas y social\u201d a trav\u00e9s de garantizar miles oportunidades de trabajo y participar en el desarrollo de la econom\u00eda del pa\u00eds.<\/p>\n<p>Los reunidos debatieron los retos que enfrentan la industria farmac\u00e9utica en Siria, tomando en cuenta el injusto bloqueo econ\u00f3mico impuesto sobre el pa\u00eds, as\u00ed como platearon sugerencias en cuanto a las medidas capaces de reanudar la producci\u00f3n en las f\u00e1bricas que se encuentran fuerza del funcionamiento.<\/p>\n<p>La reuni\u00f3n cont\u00f3 con la presencia de los ministros de Hacienda, de Econom\u00eda y Comercio Interior, de Industria, el gobernador del Banco Central Sirio, el presidente del Colegio de los Farmac\u00e9uticos.<\/p>\n<p>Cabe destacar que el sector farmac\u00e9utico cubr\u00eda antes de la crisis el 93 de la demanda del mercado local, y se exportaba alrededor del 57 por ciento de la producci\u00f3n al exterior.<\/p>\n<p>A causa de la crisis , y la salida de varias f\u00e1bricas fuera del servicio como resultado de los actos terroristas, el porcentaje de cobertura ha bajado hasta el 89%, seg\u00fan declaraciones del presidente del Colegio de los Farmac\u00e9uticos, Mahmoud Hassan.<\/p>\n<p>Lynn A., Hala B.<\/p>\n<p>&nbsp;<\/p>\n","protected":false},"excerpt":{"rendered":"<p>Damasco, SANA El jefe del Ejecutivo, Wael al-Halqui encabez\u00f3 este jueves una reuni\u00f3n extraordinaria del Consejo Nacional de la Industria Farmac\u00e9utica. Durante la reuni\u00f3n, el Primer Ministro destac\u00f3 la necesidad de que \u00a0los \u00f3rganos p\u00fablicos y privados trabajan conjuntamente para resolver las dificultades que enfrentan el sector farmac\u00e9utico. Al-Halqui aclar\u00f3 que \u201cla protecci\u00f3n de la &hellip;<\/p>\n","protected":false},"author":1,"featured_media":22767,"comment_status":"closed","ping_status":"closed","sticky":false,"template":"","format":"standard","meta":{"footnotes":""},"categories":[477,597,476],"tags":[5154],"class_list":["post-22766","post","type-post","status-publish","format-standard","has-post-thumbnail","","category-noticias-edulcorantes","category-cinta-de-noticias","category-locales","tag-al-halqui-encabeza-una-reunion-extraordinaria-del-consejo-nacional-de-la-industria-farmaceutica"],"_links":{"self":[{"href":"https:\/\/archive.sana.sy\/es\/index.php?rest_route=\/wp\/v2\/posts\/22766"}],"collection":[{"href":"https:\/\/archive.sana.sy\/es\/index.php?rest_route=\/wp\/v2\/posts"}],"about":[{"href":"https:\/\/archive.sana.sy\/es\/index.php?rest_route=\/wp\/v2\/types\/post"}],"author":[{"embeddable":true,"href":"https:\/\/archive.sana.sy\/es\/index.php?rest_route=\/wp\/v2\/users\/1"}],"replies":[{"embeddable":true,"href":"https:\/\/archive.sana.sy\/es\/index.php?rest_route=%2Fwp%2Fv2%2Fcomments&post=22766"}],"version-history":[{"count":0,"href":"https:\/\/archive.sana.sy\/es\/index.php?rest_route=\/wp\/v2\/posts\/22766\/revisions"}],"wp:featuredmedia":[{"embeddable":true,"href":"https:\/\/archive.sana.sy\/es\/index.php?rest_route=\/wp\/v2\/media\/22767"}],"wp:attachment":[{"href":"https:\/\/archive.sana.sy\/es\/index.php?rest_route=%2Fwp%2Fv2%2Fmedia&parent=22766"}],"wp:term":[{"taxonomy":"category","embeddable":true,"href":"https:\/\/archive.sana.sy\/es\/index.php?rest_route=%2Fwp%2Fv2%2Fcategories&post=22766"},{"taxonomy":"post_tag","embeddable":true,"href":"https:\/\/archive.sana.sy\/es\/index.php?rest_route=%2Fwp%2Fv2%2Ftags&post=22766"}],"curies":[{"name":"wp","href":"https:\/\/api.w.org\/{rel}","templated":true}]}}