{"id":227669,"date":"2022-04-07T17:34:58","date_gmt":"2022-04-07T14:34:58","guid":{"rendered":"http:\/\/107.6.182.27\/es\/?p=227669"},"modified":"2023-01-10T16:35:03","modified_gmt":"2023-01-10T14:35:03","slug":"bab-al-amoud-una-importante-puerta-de-jerusalen-ocupada-enfrenta-el-peligro-de-judaizacion","status":"publish","type":"post","link":"https:\/\/archive.sana.sy\/es\/?p=227669","title":{"rendered":"Bab al-Amoud, una importante puerta de Jerusal\u00e9n ocupada enfrenta el peligro de judaizaci\u00f3n"},"content":{"rendered":"<p style=\"text-align: justify;\"><strong>Jerusal\u00e9n ocupada, 07 abr (SANA) <\/strong>La zona de Bab al-Amoud en Jerusal\u00e9n ocupada enfrenta el peligro de judaizaci\u00f3n derivado de la guerra abierta que lanza la ocupaci\u00f3n israel\u00ed que intensifica sus campa\u00f1as de opresi\u00f3n e intimidaci\u00f3n contra los jerosolimitanos por quinto d\u00eda consecutivo.<\/p>\n<p style=\"text-align: justify;\">Bab al-Amoud constituye la entrada norte del antiguo casco de Jerusal\u00e9n y reviste una importancia hist\u00f3rica por formar el acceso principal a la Mezquita de al-Aqsa y la Iglesia de Natividad y el Muro de al-Buraq, y por esa puerta se puede acceder a los zocos de la antigua urbe, por lo cual la ocupaci\u00f3n lanz\u00f3 embestidas de judaizaci\u00f3n a lo largo de los \u00faltimos a\u00f1os para cambiar el car\u00e1cter demogr\u00e1fico de la zona que constituye una arteria vital para los jerosolimitanos.<\/p>\n<p style=\"text-align: justify;\">La zona ya no es un vestigio arqueol\u00f3gico estrat\u00e9gicamente importante sino que se ha transformado en un s\u00edmbolo patri\u00f3tico palestino contra la ocupaci\u00f3n que esta centrando \u00faltimamente su agresi\u00f3n a Bab al-Amoud donde viven m\u00e1s de 33 mil maqdis\u00edes (jerosolimitanos) con el fin de terminar con la presencia palestina all\u00ed.<\/p>\n<p style=\"text-align: justify;\">La canciller\u00eda palestina afirm\u00f3 en una nota que la ocupaci\u00f3n israel\u00ed lanza una guerra abierta contra la presencia palestina en Jerusal\u00e9n para efectuar planes de anexi\u00f3n, y se\u00f1al\u00f3 que las pr\u00e1cticas represivas en Silwan y Bab al-Amoud van en marco de las tentativas de judaizaci\u00f3n de Jerusal\u00e9n, lugar de santuarios cristianos y musulmanes, lo cual requiere una movilizaci\u00f3n internacional urgente para detener los cr\u00edmenes de la ocupaci\u00f3n.<\/p>\n<p style=\"text-align: justify;\"><em><strong>rsh\/ah<\/strong><\/em><\/p>\n","protected":false},"excerpt":{"rendered":"<p>Jerusal\u00e9n ocupada, 07 abr (SANA) La zona de Bab al-Amoud en Jerusal\u00e9n ocupada enfrenta el peligro de judaizaci\u00f3n derivado de la guerra abierta que lanza la ocupaci\u00f3n israel\u00ed que intensifica sus campa\u00f1as de opresi\u00f3n e intimidaci\u00f3n contra los jerosolimitanos por quinto d\u00eda consecutivo. Bab al-Amoud constituye la entrada norte del antiguo casco de Jerusal\u00e9n y &hellip;<\/p>\n","protected":false},"author":30,"featured_media":227670,"comment_status":"closed","ping_status":"closed","sticky":false,"template":"","format":"standard","meta":{"footnotes":""},"categories":[597,456],"tags":[],"class_list":["post-227669","post","type-post","status-publish","format-standard","has-post-thumbnail","","category-cinta-de-noticias","category-arabe-internacional-politica"],"_links":{"self":[{"href":"https:\/\/archive.sana.sy\/es\/index.php?rest_route=\/wp\/v2\/posts\/227669"}],"collection":[{"href":"https:\/\/archive.sana.sy\/es\/index.php?rest_route=\/wp\/v2\/posts"}],"about":[{"href":"https:\/\/archive.sana.sy\/es\/index.php?rest_route=\/wp\/v2\/types\/post"}],"author":[{"embeddable":true,"href":"https:\/\/archive.sana.sy\/es\/index.php?rest_route=\/wp\/v2\/users\/30"}],"replies":[{"embeddable":true,"href":"https:\/\/archive.sana.sy\/es\/index.php?rest_route=%2Fwp%2Fv2%2Fcomments&post=227669"}],"version-history":[{"count":0,"href":"https:\/\/archive.sana.sy\/es\/index.php?rest_route=\/wp\/v2\/posts\/227669\/revisions"}],"wp:featuredmedia":[{"embeddable":true,"href":"https:\/\/archive.sana.sy\/es\/index.php?rest_route=\/wp\/v2\/media\/227670"}],"wp:attachment":[{"href":"https:\/\/archive.sana.sy\/es\/index.php?rest_route=%2Fwp%2Fv2%2Fmedia&parent=227669"}],"wp:term":[{"taxonomy":"category","embeddable":true,"href":"https:\/\/archive.sana.sy\/es\/index.php?rest_route=%2Fwp%2Fv2%2Fcategories&post=227669"},{"taxonomy":"post_tag","embeddable":true,"href":"https:\/\/archive.sana.sy\/es\/index.php?rest_route=%2Fwp%2Fv2%2Ftags&post=227669"}],"curies":[{"name":"wp","href":"https:\/\/api.w.org\/{rel}","templated":true}]}}