{"id":227676,"date":"2022-04-07T17:49:23","date_gmt":"2022-04-07T14:49:23","guid":{"rendered":"http:\/\/107.6.182.27\/es\/?p=227676"},"modified":"2023-01-10T16:35:02","modified_gmt":"2023-01-10T14:35:02","slug":"moscu-600-mercenarios-extranjeros-arribaron-a-ucrania","status":"publish","type":"post","link":"https:\/\/archive.sana.sy\/es\/?p=227676","title":{"rendered":"Mosc\u00fa: 600 mercenarios extranjeros arribaron a Ucrania"},"content":{"rendered":"<p style=\"text-align: justify;\"><strong>Mosc\u00fa, 07 abr (SANA) <\/strong>La Comisi\u00f3n de Investigaci\u00f3n rusa anunci\u00f3 que posee un listado con unos 600 nombres de mercenarios extranjeros que llegaron a Ucrania procedentes de 47 pa\u00edses.<\/p>\n<p style=\"text-align: justify;\">La agencia Tass cit\u00f3 al presidente de la Comisi\u00f3n, Alexander Pastrikin, diciendo tras una reuni\u00f3n de la misma que \u00e9l escuch\u00f3 un informe sobre hechos relacionados con la participaci\u00f3n de combatientes extranjeros en el conflicto de Ucrania\u2026 y hasta el momento los detectives tienen un listado con los nombres de casi 600 personas.<\/p>\n<p style=\"text-align: justify;\">&#8220;Se trabaja actualmente por determinar sus lugares de presencia y las vicisitudes de su participaci\u00f3n en el conflicto&#8221;, agreg\u00f3.<\/p>\n<p style=\"text-align: justify;\"><em><strong>rsh\/ah<\/strong><\/em><\/p>\n","protected":false},"excerpt":{"rendered":"<p>Mosc\u00fa, 07 abr (SANA) La Comisi\u00f3n de Investigaci\u00f3n rusa anunci\u00f3 que posee un listado con unos 600 nombres de mercenarios extranjeros que llegaron a Ucrania procedentes de 47 pa\u00edses. La agencia Tass cit\u00f3 al presidente de la Comisi\u00f3n, Alexander Pastrikin, diciendo tras una reuni\u00f3n de la misma que \u00e9l escuch\u00f3 un informe sobre hechos relacionados &hellip;<\/p>\n","protected":false},"author":30,"featured_media":227677,"comment_status":"closed","ping_status":"closed","sticky":false,"template":"","format":"standard","meta":{"footnotes":""},"categories":[597,456],"tags":[],"class_list":["post-227676","post","type-post","status-publish","format-standard","has-post-thumbnail","","category-cinta-de-noticias","category-arabe-internacional-politica"],"_links":{"self":[{"href":"https:\/\/archive.sana.sy\/es\/index.php?rest_route=\/wp\/v2\/posts\/227676"}],"collection":[{"href":"https:\/\/archive.sana.sy\/es\/index.php?rest_route=\/wp\/v2\/posts"}],"about":[{"href":"https:\/\/archive.sana.sy\/es\/index.php?rest_route=\/wp\/v2\/types\/post"}],"author":[{"embeddable":true,"href":"https:\/\/archive.sana.sy\/es\/index.php?rest_route=\/wp\/v2\/users\/30"}],"replies":[{"embeddable":true,"href":"https:\/\/archive.sana.sy\/es\/index.php?rest_route=%2Fwp%2Fv2%2Fcomments&post=227676"}],"version-history":[{"count":0,"href":"https:\/\/archive.sana.sy\/es\/index.php?rest_route=\/wp\/v2\/posts\/227676\/revisions"}],"wp:featuredmedia":[{"embeddable":true,"href":"https:\/\/archive.sana.sy\/es\/index.php?rest_route=\/wp\/v2\/media\/227677"}],"wp:attachment":[{"href":"https:\/\/archive.sana.sy\/es\/index.php?rest_route=%2Fwp%2Fv2%2Fmedia&parent=227676"}],"wp:term":[{"taxonomy":"category","embeddable":true,"href":"https:\/\/archive.sana.sy\/es\/index.php?rest_route=%2Fwp%2Fv2%2Fcategories&post=227676"},{"taxonomy":"post_tag","embeddable":true,"href":"https:\/\/archive.sana.sy\/es\/index.php?rest_route=%2Fwp%2Fv2%2Ftags&post=227676"}],"curies":[{"name":"wp","href":"https:\/\/api.w.org\/{rel}","templated":true}]}}