{"id":227680,"date":"2022-04-07T18:25:48","date_gmt":"2022-04-07T15:25:48","guid":{"rendered":"http:\/\/107.6.182.27\/es\/?p=227680"},"modified":"2022-04-07T18:54:03","modified_gmt":"2022-04-07T15:54:03","slug":"continua-el-proceso-de-reconciliacion-en-deir-ezzor-raqqa-y-alepo","status":"publish","type":"post","link":"https:\/\/archive.sana.sy\/es\/?p=227680","title":{"rendered":"Contin\u00faa el proceso de reconciliaci\u00f3n en Deir Ezzor, Raqqa y Alepo"},"content":{"rendered":"<p style=\"text-align: justify;\"><span style=\"color: #800000;\"><strong>Provincias, 07 abr (SANA)\u00a0 <\/strong><\/span>Decenas de ciudadanos se incorporaron al proceso de reconciliaci\u00f3n en los centros de Deir Ezzor, Raqqa y Alepo en marco de los esfuerzos gubernamentales de estabilizaci\u00f3n.<\/p>\n<p style=\"text-align: justify;\">Varios de los que tramitaron su reconciliaci\u00f3n expresaron sentirse contentos porque ya pueden volver a sus tierras y hogares para empezar una vida normal y as\u00ed poner fin al desarraigo y la inestabilidad que sufrieron donde estaban desplazados.<\/p>\n<p style=\"text-align: justify;\">En declaraciones al corresponsal de SANA elogiaron los tr\u00e1mites f\u00e1ciles y \u00e1giles lo cual los anim\u00f3 a aprovechar esta oportunidad como ya hicieron miles de sirios en varias provincias.<\/p>\n<p style=\"text-align: justify;\">rsh\/ah<\/p>\n<div id='gallery-1' class='gallery galleryid-227680 gallery-columns-1 gallery-size-full'><figure class='gallery-item'>\n\t\t\t<div class='gallery-icon landscape'>\n\t\t\t\t<a href='https:\/\/archive.sana.sy\/es\/?attachment_id=227682'><img loading=\"lazy\" decoding=\"async\" width=\"660\" height=\"351\" src=\"https:\/\/archive.sana.sy\/es\/wp-content\/uploads\/2022\/04\/photo_2022-04-07_12-53-36.jpg\" class=\"attachment-full size-full\" alt=\"\" srcset=\"https:\/\/archive.sana.sy\/es\/wp-content\/uploads\/2022\/04\/photo_2022-04-07_12-53-36.jpg 660w, https:\/\/archive.sana.sy\/es\/wp-content\/uploads\/2022\/04\/photo_2022-04-07_12-53-36-300x160.jpg 300w, https:\/\/archive.sana.sy\/es\/wp-content\/uploads\/2022\/04\/photo_2022-04-07_12-53-36-150x80.jpg 150w, https:\/\/archive.sana.sy\/es\/wp-content\/uploads\/2022\/04\/photo_2022-04-07_12-53-36-310x165.jpg 310w\" sizes=\"(max-width: 660px) 100vw, 660px\" \/><\/a>\n\t\t\t<\/div><\/figure><figure class='gallery-item'>\n\t\t\t<div class='gallery-icon landscape'>\n\t\t\t\t<a href='https:\/\/archive.sana.sy\/es\/?attachment_id=227684'><img loading=\"lazy\" decoding=\"async\" width=\"660\" height=\"505\" src=\"https:\/\/archive.sana.sy\/es\/wp-content\/uploads\/2022\/04\/photo_2022-04-07_16-00-17.jpg\" class=\"attachment-full size-full\" alt=\"\" srcset=\"https:\/\/archive.sana.sy\/es\/wp-content\/uploads\/2022\/04\/photo_2022-04-07_16-00-17.jpg 660w, https:\/\/archive.sana.sy\/es\/wp-content\/uploads\/2022\/04\/photo_2022-04-07_16-00-17-300x230.jpg 300w, https:\/\/archive.sana.sy\/es\/wp-content\/uploads\/2022\/04\/photo_2022-04-07_16-00-17-150x115.jpg 150w\" sizes=\"(max-width: 660px) 100vw, 660px\" \/><\/a>\n\t\t\t<\/div><\/figure><figure class='gallery-item'>\n\t\t\t<div class='gallery-icon landscape'>\n\t\t\t\t<a href='https:\/\/archive.sana.sy\/es\/?attachment_id=227687'><img loading=\"lazy\" decoding=\"async\" width=\"660\" height=\"429\" src=\"https:\/\/archive.sana.sy\/es\/wp-content\/uploads\/2022\/04\/photo_2022-04-07_16-00-01-1-1.jpg\" class=\"attachment-full size-full\" alt=\"\" srcset=\"https:\/\/archive.sana.sy\/es\/wp-content\/uploads\/2022\/04\/photo_2022-04-07_16-00-01-1-1.jpg 660w, https:\/\/archive.sana.sy\/es\/wp-content\/uploads\/2022\/04\/photo_2022-04-07_16-00-01-1-1-300x195.jpg 300w, https:\/\/archive.sana.sy\/es\/wp-content\/uploads\/2022\/04\/photo_2022-04-07_16-00-01-1-1-150x98.jpg 150w\" sizes=\"(max-width: 660px) 100vw, 660px\" \/><\/a>\n\t\t\t<\/div><\/figure>\n\t\t<\/div>\n\n","protected":false},"excerpt":{"rendered":"<p>Provincias, 07 abr (SANA)\u00a0 Decenas de ciudadanos se incorporaron al proceso de reconciliaci\u00f3n en los centros de Deir Ezzor, Raqqa y Alepo en marco de los esfuerzos gubernamentales de estabilizaci\u00f3n. Varios de los que tramitaron su reconciliaci\u00f3n expresaron sentirse contentos porque ya pueden volver a sus tierras y hogares para empezar una vida normal y &hellip;<\/p>\n","protected":false},"author":39,"featured_media":227689,"comment_status":"closed","ping_status":"closed","sticky":false,"template":"","format":"standard","meta":{"footnotes":""},"categories":[447,477,597,476,583],"tags":[],"class_list":["post-227680","post","type-post","status-publish","format-standard","has-post-thumbnail","","category-local-politica","category-noticias-edulcorantes","category-cinta-de-noticias","category-locales","category-slide"],"_links":{"self":[{"href":"https:\/\/archive.sana.sy\/es\/index.php?rest_route=\/wp\/v2\/posts\/227680"}],"collection":[{"href":"https:\/\/archive.sana.sy\/es\/index.php?rest_route=\/wp\/v2\/posts"}],"about":[{"href":"https:\/\/archive.sana.sy\/es\/index.php?rest_route=\/wp\/v2\/types\/post"}],"author":[{"embeddable":true,"href":"https:\/\/archive.sana.sy\/es\/index.php?rest_route=\/wp\/v2\/users\/39"}],"replies":[{"embeddable":true,"href":"https:\/\/archive.sana.sy\/es\/index.php?rest_route=%2Fwp%2Fv2%2Fcomments&post=227680"}],"version-history":[{"count":0,"href":"https:\/\/archive.sana.sy\/es\/index.php?rest_route=\/wp\/v2\/posts\/227680\/revisions"}],"wp:featuredmedia":[{"embeddable":true,"href":"https:\/\/archive.sana.sy\/es\/index.php?rest_route=\/wp\/v2\/media\/227689"}],"wp:attachment":[{"href":"https:\/\/archive.sana.sy\/es\/index.php?rest_route=%2Fwp%2Fv2%2Fmedia&parent=227680"}],"wp:term":[{"taxonomy":"category","embeddable":true,"href":"https:\/\/archive.sana.sy\/es\/index.php?rest_route=%2Fwp%2Fv2%2Fcategories&post=227680"},{"taxonomy":"post_tag","embeddable":true,"href":"https:\/\/archive.sana.sy\/es\/index.php?rest_route=%2Fwp%2Fv2%2Ftags&post=227680"}],"curies":[{"name":"wp","href":"https:\/\/api.w.org\/{rel}","templated":true}]}}