{"id":227697,"date":"2022-04-07T19:48:40","date_gmt":"2022-04-07T16:48:40","guid":{"rendered":"http:\/\/107.6.182.27\/es\/?p=227697"},"modified":"2023-01-10T16:35:02","modified_gmt":"2023-01-10T14:35:02","slug":"putin-aborda-con-el-consejo-de-seguridad-ruso-el-tema-de-la-operacion-especial-en-ucrania","status":"publish","type":"post","link":"https:\/\/archive.sana.sy\/es\/?p=227697","title":{"rendered":"Putin aborda con el Consejo de Seguridad Ruso el tema de la operaci\u00f3n especial en Ucrania"},"content":{"rendered":"<p style=\"text-align: justify;\"><span style=\"color: #800000;\"><strong>Mosc\u00fa, 07 abr (SANA)\u00a0<\/strong> <\/span>El portavoz presidencial ruso, Dmitry Peskov, anunci\u00f3 que el presidente Vladimir Putin, examin\u00f3 con miembros del Consejo de Seguridad de Rusia el curso de la operaci\u00f3n militar especial para proteger Donb\u00e1s.<\/p>\n<p style=\"text-align: justify;\">Asimismo, en la reuni\u00f3n, se discuti\u00f3 el tema las negociaciones entre Mosc\u00fa y Kiev.<\/p>\n<p style=\"text-align: justify;\">Los participantes, adem\u00e1s, abordaron una serie de cuestiones, entre las cuales la necesidad de una contrarreacci\u00f3n a los actos de sabotaje inform\u00e1tico por parte de Ucrania, como fue el caso en la ciudad de Bucha.<\/p>\n<p style=\"text-align: justify;\">sm\/fm<\/p>\n","protected":false},"excerpt":{"rendered":"<p>Mosc\u00fa, 07 abr (SANA)\u00a0 El portavoz presidencial ruso, Dmitry Peskov, anunci\u00f3 que el presidente Vladimir Putin, examin\u00f3 con miembros del Consejo de Seguridad de Rusia el curso de la operaci\u00f3n militar especial para proteger Donb\u00e1s. Asimismo, en la reuni\u00f3n, se discuti\u00f3 el tema las negociaciones entre Mosc\u00fa y Kiev. Los participantes, adem\u00e1s, abordaron una serie &hellip;<\/p>\n","protected":false},"author":39,"featured_media":227698,"comment_status":"closed","ping_status":"closed","sticky":false,"template":"","format":"standard","meta":{"footnotes":""},"categories":[597,456,7541],"tags":[],"class_list":["post-227697","post","type-post","status-publish","format-standard","has-post-thumbnail","","category-cinta-de-noticias","category-arabe-internacional-politica","category-ultimas-noticias"],"_links":{"self":[{"href":"https:\/\/archive.sana.sy\/es\/index.php?rest_route=\/wp\/v2\/posts\/227697"}],"collection":[{"href":"https:\/\/archive.sana.sy\/es\/index.php?rest_route=\/wp\/v2\/posts"}],"about":[{"href":"https:\/\/archive.sana.sy\/es\/index.php?rest_route=\/wp\/v2\/types\/post"}],"author":[{"embeddable":true,"href":"https:\/\/archive.sana.sy\/es\/index.php?rest_route=\/wp\/v2\/users\/39"}],"replies":[{"embeddable":true,"href":"https:\/\/archive.sana.sy\/es\/index.php?rest_route=%2Fwp%2Fv2%2Fcomments&post=227697"}],"version-history":[{"count":0,"href":"https:\/\/archive.sana.sy\/es\/index.php?rest_route=\/wp\/v2\/posts\/227697\/revisions"}],"wp:featuredmedia":[{"embeddable":true,"href":"https:\/\/archive.sana.sy\/es\/index.php?rest_route=\/wp\/v2\/media\/227698"}],"wp:attachment":[{"href":"https:\/\/archive.sana.sy\/es\/index.php?rest_route=%2Fwp%2Fv2%2Fmedia&parent=227697"}],"wp:term":[{"taxonomy":"category","embeddable":true,"href":"https:\/\/archive.sana.sy\/es\/index.php?rest_route=%2Fwp%2Fv2%2Fcategories&post=227697"},{"taxonomy":"post_tag","embeddable":true,"href":"https:\/\/archive.sana.sy\/es\/index.php?rest_route=%2Fwp%2Fv2%2Ftags&post=227697"}],"curies":[{"name":"wp","href":"https:\/\/api.w.org\/{rel}","templated":true}]}}