{"id":227807,"date":"2022-04-08T10:38:00","date_gmt":"2022-04-08T07:38:00","guid":{"rendered":"http:\/\/107.6.182.27\/es\/?p=227807"},"modified":"2023-01-10T16:35:01","modified_gmt":"2023-01-10T14:35:01","slug":"liga-mundial-de-juegos-olimpicos-rechaza-exclusion-de-atletas-rusos-y-bielorrusos-de-las-competiciones-internacionales","status":"publish","type":"post","link":"https:\/\/archive.sana.sy\/es\/?p=227807","title":{"rendered":"Liga Mundial de Juegos Ol\u00edmpicos rechaza exclusi\u00f3n de atletas rusos y bielorrusos de las competiciones internacionales"},"content":{"rendered":"<p style=\"text-align: justify;\"><strong>Lausana, 08 abr (SANA) <\/strong>La Liga Ol\u00edmpica Mundial (WOE, por sus siglas en ingl\u00e9s) se neg\u00f3 a aprobar las recomendaciones del Comit\u00e9 Ol\u00edmpico Internacional (COI) de excluir los atletas rusos y bielorrusos de las competiciones internacionales debido a la situaci\u00f3n en Ucrania.<\/p>\n<p style=\"text-align: justify;\">Un comunicado publicado en el sitio web de la entidad reiter\u00f3 el apoyo a la Carta Ol\u00edmpica firmada por los atletas en el Foro Ol\u00edmpico Mundial de 2015, en la que se comprometieron a oponerse a cualquier interferencia pol\u00edtica o gubernamental en la independencia de las organizaciones deportivas.<\/p>\n<p style=\"text-align: justify;\">&#8220;Las decisiones de excluir de las competencias o no deben ser tomadas por cada atleta individualmente y deben basarse en los principios b\u00e1sicos de la Carta Ol\u00edmpica&#8221;, resalt\u00f3 el comunicado.<\/p>\n<p style=\"text-align: justify;\">El 28 de febrero, el Comit\u00e9 Ol\u00edmpico Internacional (COI) recomend\u00f3 que las federaciones deportivas prohibieran a los atletas rusos y bielorrusos participar en competiciones internacionales.<\/p>\n<p style=\"text-align: justify;\"><em><strong>ah\/fm<\/strong><\/em><\/p>\n","protected":false},"excerpt":{"rendered":"<p>Lausana, 08 abr (SANA) La Liga Ol\u00edmpica Mundial (WOE, por sus siglas en ingl\u00e9s) se neg\u00f3 a aprobar las recomendaciones del Comit\u00e9 Ol\u00edmpico Internacional (COI) de excluir los atletas rusos y bielorrusos de las competiciones internacionales debido a la situaci\u00f3n en Ucrania. Un comunicado publicado en el sitio web de la entidad reiter\u00f3 el apoyo &hellip;<\/p>\n","protected":false},"author":30,"featured_media":227808,"comment_status":"closed","ping_status":"closed","sticky":false,"template":"","format":"standard","meta":{"footnotes":""},"categories":[597,456,7541],"tags":[],"class_list":["post-227807","post","type-post","status-publish","format-standard","has-post-thumbnail","","category-cinta-de-noticias","category-arabe-internacional-politica","category-ultimas-noticias"],"_links":{"self":[{"href":"https:\/\/archive.sana.sy\/es\/index.php?rest_route=\/wp\/v2\/posts\/227807"}],"collection":[{"href":"https:\/\/archive.sana.sy\/es\/index.php?rest_route=\/wp\/v2\/posts"}],"about":[{"href":"https:\/\/archive.sana.sy\/es\/index.php?rest_route=\/wp\/v2\/types\/post"}],"author":[{"embeddable":true,"href":"https:\/\/archive.sana.sy\/es\/index.php?rest_route=\/wp\/v2\/users\/30"}],"replies":[{"embeddable":true,"href":"https:\/\/archive.sana.sy\/es\/index.php?rest_route=%2Fwp%2Fv2%2Fcomments&post=227807"}],"version-history":[{"count":0,"href":"https:\/\/archive.sana.sy\/es\/index.php?rest_route=\/wp\/v2\/posts\/227807\/revisions"}],"wp:featuredmedia":[{"embeddable":true,"href":"https:\/\/archive.sana.sy\/es\/index.php?rest_route=\/wp\/v2\/media\/227808"}],"wp:attachment":[{"href":"https:\/\/archive.sana.sy\/es\/index.php?rest_route=%2Fwp%2Fv2%2Fmedia&parent=227807"}],"wp:term":[{"taxonomy":"category","embeddable":true,"href":"https:\/\/archive.sana.sy\/es\/index.php?rest_route=%2Fwp%2Fv2%2Fcategories&post=227807"},{"taxonomy":"post_tag","embeddable":true,"href":"https:\/\/archive.sana.sy\/es\/index.php?rest_route=%2Fwp%2Fv2%2Ftags&post=227807"}],"curies":[{"name":"wp","href":"https:\/\/api.w.org\/{rel}","templated":true}]}}