{"id":22785,"date":"2015-05-07T19:59:20","date_gmt":"2015-05-07T16:59:20","guid":{"rendered":"http:\/\/sana.sy\/es\/?p=22785"},"modified":"2015-05-07T20:04:02","modified_gmt":"2015-05-07T17:04:02","slug":"siria-denuncia-en-una-carta-a-la-onu-la-confiscacion-de-miles-de-hectareas-de-la-tierra-del-golan-sirio-ocupado-a-manos-del-ente-sionista","status":"publish","type":"post","link":"https:\/\/archive.sana.sy\/es\/?p=22785","title":{"rendered":"Siria denuncia en una carta a la ONU la confiscaci\u00f3n de centenares de hect\u00e1reas de la tierra del Gol\u00e1n sirio ocupado por el ente sionista"},"content":{"rendered":"<p><span style=\"color: #800000\">Damasco, SANA<\/span><\/p>\n<p>La Canciller\u00eda dirigi\u00f3 este jueves una carta a la ONU en la cual denunci\u00f3 la confiscaci\u00f3n de miles de hect\u00e1reas de la tierra del Gol\u00e1n sirio ocupado por parte de las fuerzas del ente sionista.<\/p>\n<p>La Canciller\u00eda se\u00f1al\u00f3 en la carta que las fuerzas Israel\u00edes, en una flagrante violaci\u00f3n de la resoluciones internacionales que exigen a \u201cIsrael\u201d que ponga fin a su ocupaci\u00f3n del Gol\u00e1n \u00c1rabe Siria y detenga su pr\u00e1cticas hostiles, procedieron a confiscar miles de hect\u00e1reas de la tierra golanesa a fin de repartirlas a colones que se instalar\u00e1n en la tierra confiscada para establecer proyectos agr\u00edcolas.<\/p>\n<p>Canciller\u00eda aclar\u00f3 que las fuerzas de la ocupaci\u00f3n israel\u00ed procedieron bajo el nombre del \u201cProyecto de las Granjas\u201d a establecer unas 750 nuevas granjas; cada una de las mismas tiene una superficie de 6,5 hect\u00e1reas. As\u00ed como invit\u00f3 este a\u00f1o a 90 familias israel\u00edes para asentarse en estas granjas, y tiene previsto instalar a 150 nuevas familias cada a\u00f1o hasta llegar a un total de 750 familias. Asimismo la Canciller\u00eda denunci\u00f3 que \u201cIsrael\u201d saque\u00f3 los recursos h\u00eddricos del Gol\u00e1n para regar las granjas en cuesti\u00f3n.<\/p>\n<p>Tambi\u00e9n a\u00f1adi\u00f3 que la compa\u00f1\u00eda israel\u00ed \u201cAfek\u201d inici\u00f3 un proceso de prospecci\u00f3n de petr\u00f3leo en el Gol\u00e1n ocupado cerca del llamado asentamiento de \u201cNatour\u201d.<\/p>\n<p>Canciller\u00eda hizo hincapi\u00e9 en que estas medidas constituyen una flagrante violaci\u00f3n de las resoluciones internacionales y los convenios de Ginebra, y la resoluci\u00f3n N 497 del a\u00f1o 1981, la cual tach\u00f3 de \u201csin efecto\u201d la decisi\u00f3n de \u201cIsrael\u201d de imponer sus leyes y administraci\u00f3n sobre el Gol\u00e1n sirio.<\/p>\n<p>Asimismo la misma resoluci\u00f3n anunci\u00f3 que todas las disposiciones\u00a0 del convenio de Ginebra alcanzado en 1949 siguen en vigor sobre el territorio sirio ocupado desde 1967 por \u201cIsrael\u201d.<\/p>\n<p>Estas medidas se consideran como una vulneraci\u00f3n de las resoluciones de la ONU que confirmaron la ilegitimidad de las actividades coloniales del ente sionista en el Gol\u00e1n sirio, as\u00ed como contravienen la \u00faltima resoluci\u00f3n N \/241\/69 adoptada por la Asamblea General de esta organizaci\u00f3n internacional, que admite el derecho de los habitantes de Gol\u00e1n de gestionar sus propios recursos naturales y exige a las fuerzas ocupantes que dejen de explotar estos recursos o perjudicarlos.<\/p>\n<p>Canciller\u00eda agreg\u00f3 que esta campa\u00f1a colonial israel\u00ed se ha acompa\u00f1ado con continuas violaciones de los derechos humanos de los golaneses, la \u00faltima ha sido la detenci\u00f3n arbitraria del luchador golan\u00e9s Sedqui al-Maket en la fecha de 25\/02\/2015.<\/p>\n<p>Canciller\u00eda concluy\u00f3 la carta exigiendo a la ONU que tomen medidas urgentes contra Israel para que detenga sus acciones hostiles e il\u00edcitas en el Gol\u00e1n y se retire de todo el territorio sirio ocupado.<\/p>\n<p>&nbsp;<\/p>\n<p>&nbsp;<\/p>\n<p>Lynn A.<\/p>\n","protected":false},"excerpt":{"rendered":"<p>Damasco, SANA La Canciller\u00eda dirigi\u00f3 este jueves una carta a la ONU en la cual denunci\u00f3 la confiscaci\u00f3n de miles de hect\u00e1reas de la tierra del Gol\u00e1n sirio ocupado por parte de las fuerzas del ente sionista. La Canciller\u00eda se\u00f1al\u00f3 en la carta que las fuerzas Israel\u00edes, en una flagrante violaci\u00f3n de la resoluciones internacionales &hellip;<\/p>\n","protected":false},"author":24,"featured_media":6250,"comment_status":"closed","ping_status":"closed","sticky":false,"template":"","format":"standard","meta":{"footnotes":""},"categories":[477,476],"tags":[5158],"class_list":["post-22785","post","type-post","status-publish","format-standard","has-post-thumbnail","","category-noticias-edulcorantes","category-locales","tag-siria-denuncia-en-una-carta-a-la-onu-la-confiscacion-de-centenares-de-hectareas-de-la-tierra-del-golan-sirio-ocupado-por-el-ente-sionista"],"_links":{"self":[{"href":"https:\/\/archive.sana.sy\/es\/index.php?rest_route=\/wp\/v2\/posts\/22785"}],"collection":[{"href":"https:\/\/archive.sana.sy\/es\/index.php?rest_route=\/wp\/v2\/posts"}],"about":[{"href":"https:\/\/archive.sana.sy\/es\/index.php?rest_route=\/wp\/v2\/types\/post"}],"author":[{"embeddable":true,"href":"https:\/\/archive.sana.sy\/es\/index.php?rest_route=\/wp\/v2\/users\/24"}],"replies":[{"embeddable":true,"href":"https:\/\/archive.sana.sy\/es\/index.php?rest_route=%2Fwp%2Fv2%2Fcomments&post=22785"}],"version-history":[{"count":0,"href":"https:\/\/archive.sana.sy\/es\/index.php?rest_route=\/wp\/v2\/posts\/22785\/revisions"}],"wp:featuredmedia":[{"embeddable":true,"href":"https:\/\/archive.sana.sy\/es\/index.php?rest_route=\/wp\/v2\/media\/6250"}],"wp:attachment":[{"href":"https:\/\/archive.sana.sy\/es\/index.php?rest_route=%2Fwp%2Fv2%2Fmedia&parent=22785"}],"wp:term":[{"taxonomy":"category","embeddable":true,"href":"https:\/\/archive.sana.sy\/es\/index.php?rest_route=%2Fwp%2Fv2%2Fcategories&post=22785"},{"taxonomy":"post_tag","embeddable":true,"href":"https:\/\/archive.sana.sy\/es\/index.php?rest_route=%2Fwp%2Fv2%2Ftags&post=22785"}],"curies":[{"name":"wp","href":"https:\/\/api.w.org\/{rel}","templated":true}]}}