{"id":227874,"date":"2022-04-08T19:43:04","date_gmt":"2022-04-08T16:43:04","guid":{"rendered":"http:\/\/107.6.182.27\/es\/?p=227874"},"modified":"2023-01-10T16:34:59","modified_gmt":"2023-01-10T14:34:59","slug":"rusia-declara-personas-non-grata-a-45-diplomaticos-polacos","status":"publish","type":"post","link":"https:\/\/archive.sana.sy\/es\/?p=227874","title":{"rendered":"Rusia declara personas non gratas a 45 diplom\u00e1ticos polacos"},"content":{"rendered":"<p style=\"text-align: justify;\"><span style=\"color: #800000;\"><strong>Mosc\u00fa, 08 abr (SANA)\u00a0<\/strong><\/span> \u00a0Rusia decidi\u00f3 expulsar a 45 diplom\u00e1ticos polacos de su territorio en reciprocidad con una medida similar tomada por Polonia.<\/p>\n<p style=\"text-align: justify;\">\u201cSe hab\u00eda convocado al embajador de Varsovia, Krzysztof Krajewski, y se le inform\u00f3 su fuerte protesta contra la decisi\u00f3n injustificada de su pa\u00eds, el 23 de marzo, de declarar como personas non gratas a 45 diplom\u00e1ticos rusos\u201d, precis\u00f3 la Canciller\u00eda rusa en un comunicado.<\/p>\n<p style=\"text-align: justify;\">Se\u00f1al\u00f3 que Rusia considera esta acci\u00f3n como una confirmaci\u00f3n de la constante pretensi\u00f3n de Varsovia de destruir las relaciones bilaterales, y agreg\u00f3 que la responsabilidad recae completamente en la parte polaca.<\/p>\n<p style=\"text-align: justify;\">&#8220;En respuesta a las medidas poco amistosas de Varsovia, 45 empleados de la embajada y los consulados generales de Polonia en las ciudades rusas de Irkutsk, Kaliningrado y San Petersburgo fueron declarados como personas non gratas&#8221;, indic\u00f3.<\/p>\n<p style=\"text-align: justify;\">Detall\u00f3 que tendr\u00e1n que abandonar Rusia antes el 13 del mes en curso.<\/p>\n<p style=\"text-align: justify;\">rr\/fm<\/p>\n","protected":false},"excerpt":{"rendered":"<p>Mosc\u00fa, 08 abr (SANA)\u00a0 \u00a0Rusia decidi\u00f3 expulsar a 45 diplom\u00e1ticos polacos de su territorio en reciprocidad con una medida similar tomada por Polonia. \u201cSe hab\u00eda convocado al embajador de Varsovia, Krzysztof Krajewski, y se le inform\u00f3 su fuerte protesta contra la decisi\u00f3n injustificada de su pa\u00eds, el 23 de marzo, de declarar como personas non &hellip;<\/p>\n","protected":false},"author":31,"featured_media":227876,"comment_status":"closed","ping_status":"closed","sticky":false,"template":"","format":"standard","meta":{"footnotes":""},"categories":[456],"tags":[],"class_list":["post-227874","post","type-post","status-publish","format-standard","has-post-thumbnail","","category-arabe-internacional-politica"],"_links":{"self":[{"href":"https:\/\/archive.sana.sy\/es\/index.php?rest_route=\/wp\/v2\/posts\/227874"}],"collection":[{"href":"https:\/\/archive.sana.sy\/es\/index.php?rest_route=\/wp\/v2\/posts"}],"about":[{"href":"https:\/\/archive.sana.sy\/es\/index.php?rest_route=\/wp\/v2\/types\/post"}],"author":[{"embeddable":true,"href":"https:\/\/archive.sana.sy\/es\/index.php?rest_route=\/wp\/v2\/users\/31"}],"replies":[{"embeddable":true,"href":"https:\/\/archive.sana.sy\/es\/index.php?rest_route=%2Fwp%2Fv2%2Fcomments&post=227874"}],"version-history":[{"count":0,"href":"https:\/\/archive.sana.sy\/es\/index.php?rest_route=\/wp\/v2\/posts\/227874\/revisions"}],"wp:featuredmedia":[{"embeddable":true,"href":"https:\/\/archive.sana.sy\/es\/index.php?rest_route=\/wp\/v2\/media\/227876"}],"wp:attachment":[{"href":"https:\/\/archive.sana.sy\/es\/index.php?rest_route=%2Fwp%2Fv2%2Fmedia&parent=227874"}],"wp:term":[{"taxonomy":"category","embeddable":true,"href":"https:\/\/archive.sana.sy\/es\/index.php?rest_route=%2Fwp%2Fv2%2Fcategories&post=227874"},{"taxonomy":"post_tag","embeddable":true,"href":"https:\/\/archive.sana.sy\/es\/index.php?rest_route=%2Fwp%2Fv2%2Ftags&post=227874"}],"curies":[{"name":"wp","href":"https:\/\/api.w.org\/{rel}","templated":true}]}}