{"id":228116,"date":"2022-04-10T10:39:55","date_gmt":"2022-04-10T07:39:55","guid":{"rendered":"http:\/\/107.6.182.27\/es\/?p=228116"},"modified":"2023-01-09T14:04:08","modified_gmt":"2023-01-09T12:04:08","slug":"explosion-de-una-mina-acaba-con-la-vida-de-un-nino-en-hasakeh-siria","status":"publish","type":"post","link":"https:\/\/archive.sana.sy\/es\/?p=228116","title":{"rendered":"Explosi\u00f3n de una mina acaba con la vida de un ni\u00f1o en Hasakeh\/Siria"},"content":{"rendered":"<p style=\"text-align: justify;\"><strong>Hasakeh, 10 abr (SANA)<\/strong>\u00a0 Un ni\u00f1o de siete a\u00f1os de edad perdi\u00f3 la vida en horas de la ma\u00f1ana de este domingo por la explosi\u00f3n de una mina en las cercan\u00edas de la aldea de Al-Hariri en el campo sure\u00f1o de la provincia de Hasakeh, controlada por la milicia separatista FDS respaldada por Estados Unidos.<\/p>\n<p style=\"text-align: justify;\">Seg\u00fan informaron fuentes locales al reportero de SANA, el artefacto hab\u00eda sido colocado por los armados de FDS para fortalecer sus posiciones en referida regi\u00f3n.<\/p>\n<p style=\"text-align: justify;\">Otro ni\u00f1o corri\u00f3 la misma suerte la v\u00edspera en un semejante estallado en la provincia de Deraa, en el sur de Siria.<\/p>\n<p style=\"text-align: justify;\"><strong>ws\/fm<\/strong><\/p>\n","protected":false},"excerpt":{"rendered":"<p>Hasakeh, 10 abr (SANA)\u00a0 Un ni\u00f1o de siete a\u00f1os de edad perdi\u00f3 la vida en horas de la ma\u00f1ana de este domingo por la explosi\u00f3n de una mina en las cercan\u00edas de la aldea de Al-Hariri en el campo sure\u00f1o de la provincia de Hasakeh, controlada por la milicia separatista FDS respaldada por Estados Unidos. &hellip;<\/p>\n","protected":false},"author":35,"featured_media":228117,"comment_status":"closed","ping_status":"closed","sticky":false,"template":"","format":"standard","meta":{"footnotes":""},"categories":[447,477,597,476,7541],"tags":[],"class_list":["post-228116","post","type-post","status-publish","format-standard","has-post-thumbnail","","category-local-politica","category-noticias-edulcorantes","category-cinta-de-noticias","category-locales","category-ultimas-noticias"],"_links":{"self":[{"href":"https:\/\/archive.sana.sy\/es\/index.php?rest_route=\/wp\/v2\/posts\/228116"}],"collection":[{"href":"https:\/\/archive.sana.sy\/es\/index.php?rest_route=\/wp\/v2\/posts"}],"about":[{"href":"https:\/\/archive.sana.sy\/es\/index.php?rest_route=\/wp\/v2\/types\/post"}],"author":[{"embeddable":true,"href":"https:\/\/archive.sana.sy\/es\/index.php?rest_route=\/wp\/v2\/users\/35"}],"replies":[{"embeddable":true,"href":"https:\/\/archive.sana.sy\/es\/index.php?rest_route=%2Fwp%2Fv2%2Fcomments&post=228116"}],"version-history":[{"count":0,"href":"https:\/\/archive.sana.sy\/es\/index.php?rest_route=\/wp\/v2\/posts\/228116\/revisions"}],"wp:featuredmedia":[{"embeddable":true,"href":"https:\/\/archive.sana.sy\/es\/index.php?rest_route=\/wp\/v2\/media\/228117"}],"wp:attachment":[{"href":"https:\/\/archive.sana.sy\/es\/index.php?rest_route=%2Fwp%2Fv2%2Fmedia&parent=228116"}],"wp:term":[{"taxonomy":"category","embeddable":true,"href":"https:\/\/archive.sana.sy\/es\/index.php?rest_route=%2Fwp%2Fv2%2Fcategories&post=228116"},{"taxonomy":"post_tag","embeddable":true,"href":"https:\/\/archive.sana.sy\/es\/index.php?rest_route=%2Fwp%2Fv2%2Ftags&post=228116"}],"curies":[{"name":"wp","href":"https:\/\/api.w.org\/{rel}","templated":true}]}}