{"id":228129,"date":"2022-04-10T11:47:37","date_gmt":"2022-04-10T08:47:37","guid":{"rendered":"http:\/\/107.6.182.27\/es\/?p=228129"},"modified":"2023-01-10T14:18:51","modified_gmt":"2023-01-10T12:18:51","slug":"asedio-de-la-milicia-fds-provoca-aguda-escasez-de-pan-y-productos-basicos-en-hasakeh-y-qamishli","status":"publish","type":"post","link":"https:\/\/archive.sana.sy\/es\/?p=228129","title":{"rendered":"Asedio de la milicia FDS provoca aguda escasez de pan y productos b\u00e1sicos en Hasakeh y Qamishli"},"content":{"rendered":"<p style=\"text-align: justify;\"><strong><span style=\"color: #800000;\">Hasakeh, 10 abr (SANA)<\/span><\/strong> La ciudad de Hasakeh, capital de la provincia nororiental siria del mismo nombre, presencia una aguda escasez de combustible y alimentos b\u00e1sicos, especialmente el pan, debido al asedio impuesto por las llamadas Fuerzas Democr\u00e1ticas de Siria (FDS), milicia separatista apoyada por el Pent\u00e1gono, al centro de la ciudad, report\u00f3 el corresponsal de SANA.<\/p>\n<p style=\"text-align: justify;\">Agreg\u00f3 que la referida milicia, apoyada por Washington, sigue impidiendo por segundo d\u00eda consecutivo la llegada de la harina de pan a la panader\u00eda Al-Baath en la ciudad de Qamishli.<\/p>\n<p style=\"text-align: justify;\">La v\u00edspera, grupos armados de FDS cerraron todos los accesos al centro de Hasakeh pocas horas despu\u00e9s de impedir la entrada de harina de trigo a la panader\u00eda con el objetivo de detener su producci\u00f3n y privar a miles de familias del pan.<\/p>\n<p style=\"text-align: justify;\">\nEl director provincial de panader\u00edas, Abdullah Al-Hasr, hab\u00eda denunciado que los armados de FDS impidieron tambi\u00e9n la llegada de los camiones de harina a la panader\u00eda Al-Basel en la ciudad de Qamishli lo que interrumpi\u00f3 su trabajo y, en consecuencia, condujo a escasez de pan.<\/p>\n<p>fm\/ed<\/p>\n","protected":false},"excerpt":{"rendered":"<p>Hasakeh, 10 abr (SANA) La ciudad de Hasakeh, capital de la provincia nororiental siria del mismo nombre, presencia una aguda escasez de combustible y alimentos b\u00e1sicos, especialmente el pan, debido al asedio impuesto por las llamadas Fuerzas Democr\u00e1ticas de Siria (FDS), milicia separatista apoyada por el Pent\u00e1gono, al centro de la ciudad, report\u00f3 el corresponsal &hellip;<\/p>\n","protected":false},"author":32,"featured_media":228130,"comment_status":"closed","ping_status":"closed","sticky":false,"template":"","format":"standard","meta":{"footnotes":""},"categories":[447,477,597,573,476,457,583,7541],"tags":[16841,8615],"class_list":["post-228129","post","type-post","status-publish","format-standard","has-post-thumbnail","","category-local-politica","category-noticias-edulcorantes","category-cinta-de-noticias","category-la-realidad-de-los-acontecimientos-en-siria","category-locales","category-noticias-arabe-internacional-politica","category-slide","category-ultimas-noticias","tag-hasakeh","tag-qamishli"],"_links":{"self":[{"href":"https:\/\/archive.sana.sy\/es\/index.php?rest_route=\/wp\/v2\/posts\/228129"}],"collection":[{"href":"https:\/\/archive.sana.sy\/es\/index.php?rest_route=\/wp\/v2\/posts"}],"about":[{"href":"https:\/\/archive.sana.sy\/es\/index.php?rest_route=\/wp\/v2\/types\/post"}],"author":[{"embeddable":true,"href":"https:\/\/archive.sana.sy\/es\/index.php?rest_route=\/wp\/v2\/users\/32"}],"replies":[{"embeddable":true,"href":"https:\/\/archive.sana.sy\/es\/index.php?rest_route=%2Fwp%2Fv2%2Fcomments&post=228129"}],"version-history":[{"count":0,"href":"https:\/\/archive.sana.sy\/es\/index.php?rest_route=\/wp\/v2\/posts\/228129\/revisions"}],"wp:featuredmedia":[{"embeddable":true,"href":"https:\/\/archive.sana.sy\/es\/index.php?rest_route=\/wp\/v2\/media\/228130"}],"wp:attachment":[{"href":"https:\/\/archive.sana.sy\/es\/index.php?rest_route=%2Fwp%2Fv2%2Fmedia&parent=228129"}],"wp:term":[{"taxonomy":"category","embeddable":true,"href":"https:\/\/archive.sana.sy\/es\/index.php?rest_route=%2Fwp%2Fv2%2Fcategories&post=228129"},{"taxonomy":"post_tag","embeddable":true,"href":"https:\/\/archive.sana.sy\/es\/index.php?rest_route=%2Fwp%2Fv2%2Ftags&post=228129"}],"curies":[{"name":"wp","href":"https:\/\/api.w.org\/{rel}","templated":true}]}}