{"id":228159,"date":"2022-04-10T14:57:31","date_gmt":"2022-04-10T11:57:31","guid":{"rendered":"http:\/\/107.6.182.27\/es\/?p=228159"},"modified":"2023-01-10T16:34:54","modified_gmt":"2023-01-10T14:34:54","slug":"asesinada-una-mujer-palestina-por-disparos-del-ocupante-israeli-en-cisjordania","status":"publish","type":"post","link":"https:\/\/archive.sana.sy\/es\/?p=228159","title":{"rendered":"Asesinada una mujer palestina por disparos del ocupante israel\u00ed en Cisjordania"},"content":{"rendered":"<p style=\"text-align: justify;\"><strong><span style=\"color: #800000;\">Jerusal\u00e9n ocupada, 10 abr (SANA)\u00a0<\/span><\/strong> \u00a0Una mujer palestina perdi\u00f3 su vida este domingo afectada por sus heridas causadas por las balas de las fuerzas de ocupaci\u00f3n israel\u00edes, en la aldea de Husan, al oeste de Bel\u00e9n, en Cisjordania.<\/p>\n<p style=\"text-align: justify;\">Seg\u00fan difundi\u00f3 la agencia de noticias Wafa, las tropas sionistas estacionadas en una de las calles de la ciudad, abrieron el fuego contra una mujer palestina de 47 a\u00f1os, que result\u00f3 gravemente herida y muerta.<\/p>\n<p style=\"text-align: justify;\">11 palestinos resultaron heridos y otros 23 fueron arrestados en la jornada de hoy cuando las fuerzas de ocupaci\u00f3n asaltaron diversas \u00e1reas en Cisjordania.<\/p>\n<p style=\"text-align: justify;\">ed\/fm<\/p>\n","protected":false},"excerpt":{"rendered":"<p>Jerusal\u00e9n ocupada, 10 abr (SANA)\u00a0 \u00a0Una mujer palestina perdi\u00f3 su vida este domingo afectada por sus heridas causadas por las balas de las fuerzas de ocupaci\u00f3n israel\u00edes, en la aldea de Husan, al oeste de Bel\u00e9n, en Cisjordania. Seg\u00fan difundi\u00f3 la agencia de noticias Wafa, las tropas sionistas estacionadas en una de las calles de &hellip;<\/p>\n","protected":false},"author":32,"featured_media":228162,"comment_status":"closed","ping_status":"closed","sticky":false,"template":"","format":"standard","meta":{"footnotes":""},"categories":[597,456,7541],"tags":[],"class_list":["post-228159","post","type-post","status-publish","format-standard","has-post-thumbnail","","category-cinta-de-noticias","category-arabe-internacional-politica","category-ultimas-noticias"],"_links":{"self":[{"href":"https:\/\/archive.sana.sy\/es\/index.php?rest_route=\/wp\/v2\/posts\/228159"}],"collection":[{"href":"https:\/\/archive.sana.sy\/es\/index.php?rest_route=\/wp\/v2\/posts"}],"about":[{"href":"https:\/\/archive.sana.sy\/es\/index.php?rest_route=\/wp\/v2\/types\/post"}],"author":[{"embeddable":true,"href":"https:\/\/archive.sana.sy\/es\/index.php?rest_route=\/wp\/v2\/users\/32"}],"replies":[{"embeddable":true,"href":"https:\/\/archive.sana.sy\/es\/index.php?rest_route=%2Fwp%2Fv2%2Fcomments&post=228159"}],"version-history":[{"count":0,"href":"https:\/\/archive.sana.sy\/es\/index.php?rest_route=\/wp\/v2\/posts\/228159\/revisions"}],"wp:featuredmedia":[{"embeddable":true,"href":"https:\/\/archive.sana.sy\/es\/index.php?rest_route=\/wp\/v2\/media\/228162"}],"wp:attachment":[{"href":"https:\/\/archive.sana.sy\/es\/index.php?rest_route=%2Fwp%2Fv2%2Fmedia&parent=228159"}],"wp:term":[{"taxonomy":"category","embeddable":true,"href":"https:\/\/archive.sana.sy\/es\/index.php?rest_route=%2Fwp%2Fv2%2Fcategories&post=228159"},{"taxonomy":"post_tag","embeddable":true,"href":"https:\/\/archive.sana.sy\/es\/index.php?rest_route=%2Fwp%2Fv2%2Ftags&post=228159"}],"curies":[{"name":"wp","href":"https:\/\/api.w.org\/{rel}","templated":true}]}}