{"id":228233,"date":"2022-04-10T22:22:31","date_gmt":"2022-04-10T19:22:31","guid":{"rendered":"http:\/\/107.6.182.27\/es\/?p=228233"},"modified":"2023-01-10T16:34:52","modified_gmt":"2023-01-10T14:34:52","slug":"evacuan-a-47-marineros-en-dos-barcos-sitiados-por-los-neonazis-ucranianos-en-mariupol","status":"publish","type":"post","link":"https:\/\/archive.sana.sy\/es\/?p=228233","title":{"rendered":"Evac\u00faan a 47 marineros en dos barcos sitiados por los neonazis ucranianos en Mari\u00fapol"},"content":{"rendered":"<p style=\"text-align: justify;\"><span style=\"color: #800000;\"><strong>Donetsk, 10 abr (SANA)\u00a0<\/strong><\/span> \u00a0Las autoridades de la Rep\u00fablica Popular de Donetsk evacuaron a 47 marineros de dos barcos retenidos por integrantes del batall\u00f3n nazi (Azov) en el puerto de Mari\u00fapol.<\/p>\n<p style=\"text-align: justify;\">El Comando de las Fuerzas de Donetsk inform\u00f3 en un comunicado publicado en su canal Telegram, que los marineros eran ciudadanos de Rusia, Azerbaiy\u00e1n, Egipto y Ucrania, y no pudieron salir a tiempo de la zona de combate debido a las minas sembradas por los nazis.<\/p>\n<p style=\"text-align: justify;\">Se\u00f1al\u00f3 que estos nazis utilizaban a los marineros como escudos humanos.<\/p>\n<p style=\"text-align: justify;\">fm\/rr<\/p>\n","protected":false},"excerpt":{"rendered":"<p>Donetsk, 10 abr (SANA)\u00a0 \u00a0Las autoridades de la Rep\u00fablica Popular de Donetsk evacuaron a 47 marineros de dos barcos retenidos por integrantes del batall\u00f3n nazi (Azov) en el puerto de Mari\u00fapol. El Comando de las Fuerzas de Donetsk inform\u00f3 en un comunicado publicado en su canal Telegram, que los marineros eran ciudadanos de Rusia, Azerbaiy\u00e1n, &hellip;<\/p>\n","protected":false},"author":31,"featured_media":228234,"comment_status":"closed","ping_status":"closed","sticky":false,"template":"","format":"standard","meta":{"footnotes":""},"categories":[456],"tags":[],"class_list":["post-228233","post","type-post","status-publish","format-standard","has-post-thumbnail","","category-arabe-internacional-politica"],"_links":{"self":[{"href":"https:\/\/archive.sana.sy\/es\/index.php?rest_route=\/wp\/v2\/posts\/228233"}],"collection":[{"href":"https:\/\/archive.sana.sy\/es\/index.php?rest_route=\/wp\/v2\/posts"}],"about":[{"href":"https:\/\/archive.sana.sy\/es\/index.php?rest_route=\/wp\/v2\/types\/post"}],"author":[{"embeddable":true,"href":"https:\/\/archive.sana.sy\/es\/index.php?rest_route=\/wp\/v2\/users\/31"}],"replies":[{"embeddable":true,"href":"https:\/\/archive.sana.sy\/es\/index.php?rest_route=%2Fwp%2Fv2%2Fcomments&post=228233"}],"version-history":[{"count":0,"href":"https:\/\/archive.sana.sy\/es\/index.php?rest_route=\/wp\/v2\/posts\/228233\/revisions"}],"wp:featuredmedia":[{"embeddable":true,"href":"https:\/\/archive.sana.sy\/es\/index.php?rest_route=\/wp\/v2\/media\/228234"}],"wp:attachment":[{"href":"https:\/\/archive.sana.sy\/es\/index.php?rest_route=%2Fwp%2Fv2%2Fmedia&parent=228233"}],"wp:term":[{"taxonomy":"category","embeddable":true,"href":"https:\/\/archive.sana.sy\/es\/index.php?rest_route=%2Fwp%2Fv2%2Fcategories&post=228233"},{"taxonomy":"post_tag","embeddable":true,"href":"https:\/\/archive.sana.sy\/es\/index.php?rest_route=%2Fwp%2Fv2%2Ftags&post=228233"}],"curies":[{"name":"wp","href":"https:\/\/api.w.org\/{rel}","templated":true}]}}