{"id":228237,"date":"2022-04-10T21:25:43","date_gmt":"2022-04-10T18:25:43","guid":{"rendered":"http:\/\/107.6.182.27\/es\/?p=228237"},"modified":"2023-01-10T16:34:53","modified_gmt":"2023-01-10T14:34:53","slug":"militares-ucranianos-atacan-con-misil-antitanque-un-vehiculo-con-el-toldo-blanco-y-una-cruz","status":"publish","type":"post","link":"https:\/\/archive.sana.sy\/es\/?p=228237","title":{"rendered":"Militares ucranianos atacan con misil antitanque un veh\u00edculo con el toldo blanco y una cruz"},"content":{"rendered":"<p style=\"text-align: justify;\"><span style=\"color: #800000;\"><strong>Mosc\u00fa, 10 abr (SANA)\u00a0<\/strong><\/span> \u00a0El exembajador de Ucrania en Austria, Alex\u00e1nder Scherba, public\u00f3 en su cuenta de Twitter un video en el que se puede observar c\u00f3mo militares ucranianos destruyeron con un misil antitanque Stugna un veh\u00edculo con el toldo blanco.<\/p>\n<p style=\"text-align: justify;\">Seg\u00fan la cadena RT, en la grabaci\u00f3n se puede escuchar c\u00f3mo un militar pregunta si el veh\u00edculo se desplaza &#8220;con una cruz&#8221;, aparentemente haciendo referencia a la cruz roja, con la cual se marcan normalmente los autos con heridos o ayuda humanitaria. Otro efectivo le responde: &#8220;Eso parece&#8221;. Casi inmediatamente despu\u00e9s de este di\u00e1logo, se produjo un ataque contra el veh\u00edculo.<\/p>\n<p style=\"text-align: justify;\">&#8220;\u00a1Los misiles antitanques hechos en Ucrania, Stugna, hacen su trabajo, \u00a1pero necesitamos m\u00e1s! \u00a1Arded, fascistas rusos!&#8221;, escribi\u00f3 Scherba en el tuit con el video.<\/p>\n<p style=\"text-align: justify;\">fm\/rr<\/p>\n","protected":false},"excerpt":{"rendered":"<p>Mosc\u00fa, 10 abr (SANA)\u00a0 \u00a0El exembajador de Ucrania en Austria, Alex\u00e1nder Scherba, public\u00f3 en su cuenta de Twitter un video en el que se puede observar c\u00f3mo militares ucranianos destruyeron con un misil antitanque Stugna un veh\u00edculo con el toldo blanco. Seg\u00fan la cadena RT, en la grabaci\u00f3n se puede escuchar c\u00f3mo un militar pregunta &hellip;<\/p>\n","protected":false},"author":31,"featured_media":228238,"comment_status":"closed","ping_status":"closed","sticky":false,"template":"","format":"standard","meta":{"footnotes":""},"categories":[597,456,7541],"tags":[],"class_list":["post-228237","post","type-post","status-publish","format-standard","has-post-thumbnail","","category-cinta-de-noticias","category-arabe-internacional-politica","category-ultimas-noticias"],"_links":{"self":[{"href":"https:\/\/archive.sana.sy\/es\/index.php?rest_route=\/wp\/v2\/posts\/228237"}],"collection":[{"href":"https:\/\/archive.sana.sy\/es\/index.php?rest_route=\/wp\/v2\/posts"}],"about":[{"href":"https:\/\/archive.sana.sy\/es\/index.php?rest_route=\/wp\/v2\/types\/post"}],"author":[{"embeddable":true,"href":"https:\/\/archive.sana.sy\/es\/index.php?rest_route=\/wp\/v2\/users\/31"}],"replies":[{"embeddable":true,"href":"https:\/\/archive.sana.sy\/es\/index.php?rest_route=%2Fwp%2Fv2%2Fcomments&post=228237"}],"version-history":[{"count":0,"href":"https:\/\/archive.sana.sy\/es\/index.php?rest_route=\/wp\/v2\/posts\/228237\/revisions"}],"wp:featuredmedia":[{"embeddable":true,"href":"https:\/\/archive.sana.sy\/es\/index.php?rest_route=\/wp\/v2\/media\/228238"}],"wp:attachment":[{"href":"https:\/\/archive.sana.sy\/es\/index.php?rest_route=%2Fwp%2Fv2%2Fmedia&parent=228237"}],"wp:term":[{"taxonomy":"category","embeddable":true,"href":"https:\/\/archive.sana.sy\/es\/index.php?rest_route=%2Fwp%2Fv2%2Fcategories&post=228237"},{"taxonomy":"post_tag","embeddable":true,"href":"https:\/\/archive.sana.sy\/es\/index.php?rest_route=%2Fwp%2Fv2%2Ftags&post=228237"}],"curies":[{"name":"wp","href":"https:\/\/api.w.org\/{rel}","templated":true}]}}