{"id":228402,"date":"2022-04-11T20:58:37","date_gmt":"2022-04-11T17:58:37","guid":{"rendered":"http:\/\/107.6.182.27\/es\/?p=228402"},"modified":"2023-01-10T16:34:48","modified_gmt":"2023-01-10T14:34:48","slug":"cancilleria-palestina-los-crimenes-de-la-ocupacion-plasman-el-racismo-y-el-terrorismo","status":"publish","type":"post","link":"https:\/\/archive.sana.sy\/es\/?p=228402","title":{"rendered":"Canciller\u00eda palestina: los cr\u00edmenes de la ocupaci\u00f3n plasman el racismo y el terrorismo"},"content":{"rendered":"<p style=\"text-align: justify;\"><strong>Jerusal\u00e9n ocupada, 11 abr (SANA)\u00a0<\/strong>El Ministerio de Exteriores palestino afirm\u00f3 que los cr\u00edmenes de la ocupaci\u00f3n israel\u00ed en los territorios palestinos son una plasmaci\u00f3n clara del odio, el racismo y el terrorismo, por ello exigi\u00f3 a la comunidad internacional a tener el coraje de exigir cuentas a los responsables.<\/p>\n<p style=\"text-align: justify;\">En un comunicado difundido por la agencia Wafa, la Canciller\u00eda aludi\u00f3 a los cr\u00edmenes de la ocupaci\u00f3n en los territorios palestinos, sobre todo en Cisjordania donde cuatro palestinos murieron a balazos. Subray\u00f3 la necesidad de que la comunidad internacional abandone la pol\u00edtica de dobles raseros en lo relacionado con la causa palestina.<\/p>\n<p style=\"text-align: justify;\">Pidi\u00f3 nuevamente a las instituciones internacionales de derechos a que asuman sus responsabilidades jur\u00eddicas y \u00e9ticas ante los cr\u00edmenes que la ocupaci\u00f3n israel\u00ed comete contra los palestinos.<\/p>\n<p style=\"text-align: justify;\"><em><strong>rsh\/ah<\/strong><\/em><\/p>\n","protected":false},"excerpt":{"rendered":"<p>Jerusal\u00e9n ocupada, 11 abr (SANA)\u00a0El Ministerio de Exteriores palestino afirm\u00f3 que los cr\u00edmenes de la ocupaci\u00f3n israel\u00ed en los territorios palestinos son una plasmaci\u00f3n clara del odio, el racismo y el terrorismo, por ello exigi\u00f3 a la comunidad internacional a tener el coraje de exigir cuentas a los responsables. En un comunicado difundido por la &hellip;<\/p>\n","protected":false},"author":30,"featured_media":228404,"comment_status":"closed","ping_status":"closed","sticky":false,"template":"","format":"standard","meta":{"footnotes":""},"categories":[597,456],"tags":[],"class_list":["post-228402","post","type-post","status-publish","format-standard","has-post-thumbnail","","category-cinta-de-noticias","category-arabe-internacional-politica"],"_links":{"self":[{"href":"https:\/\/archive.sana.sy\/es\/index.php?rest_route=\/wp\/v2\/posts\/228402"}],"collection":[{"href":"https:\/\/archive.sana.sy\/es\/index.php?rest_route=\/wp\/v2\/posts"}],"about":[{"href":"https:\/\/archive.sana.sy\/es\/index.php?rest_route=\/wp\/v2\/types\/post"}],"author":[{"embeddable":true,"href":"https:\/\/archive.sana.sy\/es\/index.php?rest_route=\/wp\/v2\/users\/30"}],"replies":[{"embeddable":true,"href":"https:\/\/archive.sana.sy\/es\/index.php?rest_route=%2Fwp%2Fv2%2Fcomments&post=228402"}],"version-history":[{"count":0,"href":"https:\/\/archive.sana.sy\/es\/index.php?rest_route=\/wp\/v2\/posts\/228402\/revisions"}],"wp:featuredmedia":[{"embeddable":true,"href":"https:\/\/archive.sana.sy\/es\/index.php?rest_route=\/wp\/v2\/media\/228404"}],"wp:attachment":[{"href":"https:\/\/archive.sana.sy\/es\/index.php?rest_route=%2Fwp%2Fv2%2Fmedia&parent=228402"}],"wp:term":[{"taxonomy":"category","embeddable":true,"href":"https:\/\/archive.sana.sy\/es\/index.php?rest_route=%2Fwp%2Fv2%2Fcategories&post=228402"},{"taxonomy":"post_tag","embeddable":true,"href":"https:\/\/archive.sana.sy\/es\/index.php?rest_route=%2Fwp%2Fv2%2Ftags&post=228402"}],"curies":[{"name":"wp","href":"https:\/\/api.w.org\/{rel}","templated":true}]}}