{"id":228406,"date":"2022-04-11T21:11:26","date_gmt":"2022-04-11T18:11:26","guid":{"rendered":"http:\/\/107.6.182.27\/es\/?p=228406"},"modified":"2023-01-10T16:34:48","modified_gmt":"2023-01-10T14:34:48","slug":"armados-ucranianos-dinamitan-una-presa-en-donetsk-e-inundan-varias-casas","status":"publish","type":"post","link":"https:\/\/archive.sana.sy\/es\/?p=228406","title":{"rendered":"Armados ucranianos dinamitan una presa en Donetsk e inundan varias casas"},"content":{"rendered":"<p style=\"text-align: justify;\"><strong>Donetsk, 11 abr (SANA) <\/strong>El portavoz de las fuerzas de la Rep\u00fablica Popular de Donetsk, Eduard Basurin, denunci\u00f3 que los nacionalistas ucranianos destruyeron una presa en Donetsk y amenazan con volar otra.<\/p>\n<p style=\"text-align: justify;\">&#8220;Los nacionalistas ucranianos dinamitaron la presa de Sviatogorsk al norte de Slavyansk bajo el pretexto de impedir que nuestras fuerzas avanzaran, lo que provoc\u00f3 el flujo de agua e inund\u00f3 algunas casas que estaban ubicadas en las llanuras frente del embalse de la presa&#8221;, dijo Basurin a los periodistas.<\/p>\n<p style=\"text-align: justify;\">Agreg\u00f3 que los armados amenazan tambi\u00e9n con volar la presa de Svetlodarsk si las fuerzas de la Rep\u00fablica de Donetsk avanzan.<\/p>\n<p style=\"text-align: justify;\"><em><strong>ah\/rsh<\/strong><\/em><\/p>\n","protected":false},"excerpt":{"rendered":"<p>Donetsk, 11 abr (SANA) El portavoz de las fuerzas de la Rep\u00fablica Popular de Donetsk, Eduard Basurin, denunci\u00f3 que los nacionalistas ucranianos destruyeron una presa en Donetsk y amenazan con volar otra. &#8220;Los nacionalistas ucranianos dinamitaron la presa de Sviatogorsk al norte de Slavyansk bajo el pretexto de impedir que nuestras fuerzas avanzaran, lo que &hellip;<\/p>\n","protected":false},"author":30,"featured_media":228407,"comment_status":"closed","ping_status":"closed","sticky":false,"template":"","format":"standard","meta":{"footnotes":""},"categories":[597,456],"tags":[],"class_list":["post-228406","post","type-post","status-publish","format-standard","has-post-thumbnail","","category-cinta-de-noticias","category-arabe-internacional-politica"],"_links":{"self":[{"href":"https:\/\/archive.sana.sy\/es\/index.php?rest_route=\/wp\/v2\/posts\/228406"}],"collection":[{"href":"https:\/\/archive.sana.sy\/es\/index.php?rest_route=\/wp\/v2\/posts"}],"about":[{"href":"https:\/\/archive.sana.sy\/es\/index.php?rest_route=\/wp\/v2\/types\/post"}],"author":[{"embeddable":true,"href":"https:\/\/archive.sana.sy\/es\/index.php?rest_route=\/wp\/v2\/users\/30"}],"replies":[{"embeddable":true,"href":"https:\/\/archive.sana.sy\/es\/index.php?rest_route=%2Fwp%2Fv2%2Fcomments&post=228406"}],"version-history":[{"count":0,"href":"https:\/\/archive.sana.sy\/es\/index.php?rest_route=\/wp\/v2\/posts\/228406\/revisions"}],"wp:featuredmedia":[{"embeddable":true,"href":"https:\/\/archive.sana.sy\/es\/index.php?rest_route=\/wp\/v2\/media\/228407"}],"wp:attachment":[{"href":"https:\/\/archive.sana.sy\/es\/index.php?rest_route=%2Fwp%2Fv2%2Fmedia&parent=228406"}],"wp:term":[{"taxonomy":"category","embeddable":true,"href":"https:\/\/archive.sana.sy\/es\/index.php?rest_route=%2Fwp%2Fv2%2Fcategories&post=228406"},{"taxonomy":"post_tag","embeddable":true,"href":"https:\/\/archive.sana.sy\/es\/index.php?rest_route=%2Fwp%2Fv2%2Ftags&post=228406"}],"curies":[{"name":"wp","href":"https:\/\/api.w.org\/{rel}","templated":true}]}}