{"id":228409,"date":"2022-04-11T21:19:07","date_gmt":"2022-04-11T18:19:07","guid":{"rendered":"http:\/\/107.6.182.27\/es\/?p=228409"},"modified":"2022-04-11T21:20:05","modified_gmt":"2022-04-11T18:20:05","slug":"presidente-al-assad-destaca-rol-de-la-institucion-religiosa-siria-en-enfrentar-los-conceptos-erroneos-del-islam","status":"publish","type":"post","link":"https:\/\/archive.sana.sy\/es\/?p=228409","title":{"rendered":"Presidente al-Assad destaca rol de la instituci\u00f3n religiosa siria en enfrentar los conceptos err\u00f3neos del Islam"},"content":{"rendered":"<p style=\"text-align: justify;\"><strong>Damasco, 11 abr (SANA)<\/strong> El presidente Bashar al-Assad, recibi\u00f3 hoy a una delegaci\u00f3n de destacados eruditos isl\u00e1micos en Damasco.<\/p>\n<p style=\"text-align: justify;\">El encuentro se efectu\u00f3 con motivo del sagrado Ramad\u00e1n, mes del ayuno musulm\u00e1n, y cont\u00f3 con la presencia del ministro de Asuntos Religiosos (Awqaf), Muhammad Abdul-Sattar al-Sayyed.<\/p>\n<p style=\"text-align: justify;\">Las conversaciones se centraron en el papel de la instituci\u00f3n religiosa y los conceptos plateados que contradicen la fe. Al respecto, el presidente destac\u00f3 que los eruditos de la instituci\u00f3n religiosa en Siria han concluido etapas importantes en la reforma de los conceptos err\u00f3neos, lo que contribuy\u00f3 directamente a la reforma de la sociedad.<\/p>\n<p style=\"text-align: justify;\">Seg\u00fan el mandatario, las instituciones religiosas en el mundo isl\u00e1mico enfrentan grandes y r\u00e1pidos desaf\u00edos desde el punto de vista ideol\u00f3gico, por lo tanto, estas instituciones necesitan utilizar la educaci\u00f3n, moral, costumbres y tradiciones para poder dar con las ideas t\u00f3xicas a las que est\u00e1n expuestas nuestras sociedades.<\/p>\n<p style=\"text-align: justify;\">Los eruditos, a su vez, hablaron durante el encuentro sobre el gran desarrollo que presenci\u00f3 la instituci\u00f3n religiosa en todos sus sectores, plataformas y acad\u00e9micos teniendo en cuenta la preservaci\u00f3n de Islam moderado y la posici\u00f3n de Siria como un faro civilizado de los valores del Islam.<\/p>\n<p style=\"text-align: justify;\"><em><strong>fm\/ah<\/strong><\/em><\/p>\n<div id='gallery-1' class='gallery galleryid-228409 gallery-columns-1 gallery-size-full'><figure class='gallery-item'>\n\t\t\t<div class='gallery-icon landscape'>\n\t\t\t\t<a href='https:\/\/archive.sana.sy\/es\/wp-content\/uploads\/2022\/04\/photo_2022-04-11_19-50-5799999999999999999999999.jpg'><img loading=\"lazy\" decoding=\"async\" width=\"1280\" height=\"446\" src=\"https:\/\/archive.sana.sy\/es\/wp-content\/uploads\/2022\/04\/photo_2022-04-11_19-50-5799999999999999999999999.jpg\" class=\"attachment-full size-full\" alt=\"\" srcset=\"https:\/\/archive.sana.sy\/es\/wp-content\/uploads\/2022\/04\/photo_2022-04-11_19-50-5799999999999999999999999.jpg 1280w, https:\/\/archive.sana.sy\/es\/wp-content\/uploads\/2022\/04\/photo_2022-04-11_19-50-5799999999999999999999999-300x105.jpg 300w, https:\/\/archive.sana.sy\/es\/wp-content\/uploads\/2022\/04\/photo_2022-04-11_19-50-5799999999999999999999999-1024x357.jpg 1024w, https:\/\/archive.sana.sy\/es\/wp-content\/uploads\/2022\/04\/photo_2022-04-11_19-50-5799999999999999999999999-150x52.jpg 150w, https:\/\/archive.sana.sy\/es\/wp-content\/uploads\/2022\/04\/photo_2022-04-11_19-50-5799999999999999999999999-768x268.jpg 768w\" sizes=\"(max-width: 1280px) 100vw, 1280px\" \/><\/a>\n\t\t\t<\/div><\/figure><figure class='gallery-item'>\n\t\t\t<div class='gallery-icon landscape'>\n\t\t\t\t<a href='https:\/\/archive.sana.sy\/es\/wp-content\/uploads\/2022\/04\/photo_2022-04-11_19-50-588888888888888888888888.jpg'><img loading=\"lazy\" decoding=\"async\" width=\"1280\" height=\"553\" src=\"https:\/\/archive.sana.sy\/es\/wp-content\/uploads\/2022\/04\/photo_2022-04-11_19-50-588888888888888888888888.jpg\" class=\"attachment-full size-full\" alt=\"\" srcset=\"https:\/\/archive.sana.sy\/es\/wp-content\/uploads\/2022\/04\/photo_2022-04-11_19-50-588888888888888888888888.jpg 1280w, https:\/\/archive.sana.sy\/es\/wp-content\/uploads\/2022\/04\/photo_2022-04-11_19-50-588888888888888888888888-300x130.jpg 300w, https:\/\/archive.sana.sy\/es\/wp-content\/uploads\/2022\/04\/photo_2022-04-11_19-50-588888888888888888888888-1024x442.jpg 1024w, https:\/\/archive.sana.sy\/es\/wp-content\/uploads\/2022\/04\/photo_2022-04-11_19-50-588888888888888888888888-150x65.jpg 150w, https:\/\/archive.sana.sy\/es\/wp-content\/uploads\/2022\/04\/photo_2022-04-11_19-50-588888888888888888888888-768x332.jpg 768w\" sizes=\"(max-width: 1280px) 100vw, 1280px\" \/><\/a>\n\t\t\t<\/div><\/figure>\n\t\t<\/div>\n\n","protected":false},"excerpt":{"rendered":"<p>Damasco, 11 abr (SANA) El presidente Bashar al-Assad, recibi\u00f3 hoy a una delegaci\u00f3n de destacados eruditos isl\u00e1micos en Damasco. El encuentro se efectu\u00f3 con motivo del sagrado Ramad\u00e1n, mes del ayuno musulm\u00e1n, y cont\u00f3 con la presencia del ministro de Asuntos Religiosos (Awqaf), Muhammad Abdul-Sattar al-Sayyed. Las conversaciones se centraron en el papel de la &hellip;<\/p>\n","protected":false},"author":30,"featured_media":228410,"comment_status":"closed","ping_status":"closed","sticky":false,"template":"","format":"standard","meta":{"footnotes":""},"categories":[597,476,16237,583,626],"tags":[],"class_list":["post-228409","post","type-post","status-publish","format-standard","has-post-thumbnail","","category-cinta-de-noticias","category-locales","category-presidence-de-la-republique-arabe-syria","category-slide","category-sr-presidente"],"_links":{"self":[{"href":"https:\/\/archive.sana.sy\/es\/index.php?rest_route=\/wp\/v2\/posts\/228409"}],"collection":[{"href":"https:\/\/archive.sana.sy\/es\/index.php?rest_route=\/wp\/v2\/posts"}],"about":[{"href":"https:\/\/archive.sana.sy\/es\/index.php?rest_route=\/wp\/v2\/types\/post"}],"author":[{"embeddable":true,"href":"https:\/\/archive.sana.sy\/es\/index.php?rest_route=\/wp\/v2\/users\/30"}],"replies":[{"embeddable":true,"href":"https:\/\/archive.sana.sy\/es\/index.php?rest_route=%2Fwp%2Fv2%2Fcomments&post=228409"}],"version-history":[{"count":0,"href":"https:\/\/archive.sana.sy\/es\/index.php?rest_route=\/wp\/v2\/posts\/228409\/revisions"}],"wp:featuredmedia":[{"embeddable":true,"href":"https:\/\/archive.sana.sy\/es\/index.php?rest_route=\/wp\/v2\/media\/228410"}],"wp:attachment":[{"href":"https:\/\/archive.sana.sy\/es\/index.php?rest_route=%2Fwp%2Fv2%2Fmedia&parent=228409"}],"wp:term":[{"taxonomy":"category","embeddable":true,"href":"https:\/\/archive.sana.sy\/es\/index.php?rest_route=%2Fwp%2Fv2%2Fcategories&post=228409"},{"taxonomy":"post_tag","embeddable":true,"href":"https:\/\/archive.sana.sy\/es\/index.php?rest_route=%2Fwp%2Fv2%2Ftags&post=228409"}],"curies":[{"name":"wp","href":"https:\/\/api.w.org\/{rel}","templated":true}]}}