{"id":228418,"date":"2022-04-11T21:29:18","date_gmt":"2022-04-11T18:29:18","guid":{"rendered":"http:\/\/107.6.182.27\/es\/?p=228418"},"modified":"2023-01-10T16:34:48","modified_gmt":"2023-01-10T14:34:48","slug":"rusia-revela-nuevas-provocaciones-ucranianas-bajo-supervision-de-fuerzas-britanicas","status":"publish","type":"post","link":"https:\/\/archive.sana.sy\/es\/?p=228418","title":{"rendered":"Rusia revela nuevas provocaciones ucranianas bajo supervisi\u00f3n de fuerzas brit\u00e1nicas"},"content":{"rendered":"<p style=\"text-align: justify;\"><strong>Mosc\u00fa, 11 abr (SANA) <\/strong>El Ministerio de Defensa ruso fustig\u00f3 que las autoridades de Kiev est\u00e1n planeando bajo la supervisi\u00f3n de las fuerzas especiales brit\u00e1nicas nuevas provocaciones para acusar a las fuerzas armadas rusas de un maltrato a la poblaci\u00f3n de Ucrania.<\/p>\n<p style=\"text-align: justify;\">&#8220;El r\u00e9gimen de Kiev est\u00e1 preparando nuevas provocaciones supervisadas directamente por las fuerzas especiales brit\u00e1nicas en la regi\u00f3n de Sumi, para acusar a las fuerzas armadas rusas de un trato brutal a la poblaci\u00f3n ucraniana&#8221;, dijo el jefe del Centro Nacional de Gesti\u00f3n de la Defensa de Rusia, el coronel general Mija\u00edl Miz\u00edntsev, en un comunicado.<\/p>\n<p style=\"text-align: justify;\">Miz\u00edntsev detall\u00f3 que fuerzas especiales francesas han llegado a Ucrania junto con expertos t\u00e9cnicos de la polic\u00eda francesa y la gendarmer\u00eda para ocultar los cr\u00edmenes del r\u00e9gimen de Kiev contra los lugare\u00f1os de Lugansk y Donetsk en los \u00faltimos ocho a\u00f1os y fabricar cargos contra las fuerzas rusas.<\/p>\n<p style=\"text-align: justify;\">\u201cA pesar de las dificultades y obst\u00e1culos creados por Kiev, el ej\u00e9rcito ruso evacu\u00f3 a m\u00e1s de 17.000 personas de Donb\u00e1s y las \u00e1reas peligrosas en Ucrania, incluidos 2.560 ni\u00f1os, lo que eleva el n\u00famero total de evacuados desde el inicio de la operaci\u00f3n especial a 740.219, incluidos 140.623 ni\u00f1os\u201d, a\u00f1adi\u00f3.<\/p>\n<p style=\"text-align: justify;\">En Mari\u00fapol casi otras 700 personas fueron evacuadas a trav\u00e9s del corredor humanitario oriental sin ninguna participaci\u00f3n de Kiev.<\/p>\n<p style=\"text-align: justify;\"><em><strong>ah\/rsh<\/strong><\/em><\/p>\n","protected":false},"excerpt":{"rendered":"<p>Mosc\u00fa, 11 abr (SANA) El Ministerio de Defensa ruso fustig\u00f3 que las autoridades de Kiev est\u00e1n planeando bajo la supervisi\u00f3n de las fuerzas especiales brit\u00e1nicas nuevas provocaciones para acusar a las fuerzas armadas rusas de un maltrato a la poblaci\u00f3n de Ucrania. &#8220;El r\u00e9gimen de Kiev est\u00e1 preparando nuevas provocaciones supervisadas directamente por las fuerzas &hellip;<\/p>\n","protected":false},"author":30,"featured_media":228419,"comment_status":"closed","ping_status":"closed","sticky":false,"template":"","format":"standard","meta":{"footnotes":""},"categories":[597,456],"tags":[],"class_list":["post-228418","post","type-post","status-publish","format-standard","has-post-thumbnail","","category-cinta-de-noticias","category-arabe-internacional-politica"],"_links":{"self":[{"href":"https:\/\/archive.sana.sy\/es\/index.php?rest_route=\/wp\/v2\/posts\/228418"}],"collection":[{"href":"https:\/\/archive.sana.sy\/es\/index.php?rest_route=\/wp\/v2\/posts"}],"about":[{"href":"https:\/\/archive.sana.sy\/es\/index.php?rest_route=\/wp\/v2\/types\/post"}],"author":[{"embeddable":true,"href":"https:\/\/archive.sana.sy\/es\/index.php?rest_route=\/wp\/v2\/users\/30"}],"replies":[{"embeddable":true,"href":"https:\/\/archive.sana.sy\/es\/index.php?rest_route=%2Fwp%2Fv2%2Fcomments&post=228418"}],"version-history":[{"count":0,"href":"https:\/\/archive.sana.sy\/es\/index.php?rest_route=\/wp\/v2\/posts\/228418\/revisions"}],"wp:featuredmedia":[{"embeddable":true,"href":"https:\/\/archive.sana.sy\/es\/index.php?rest_route=\/wp\/v2\/media\/228419"}],"wp:attachment":[{"href":"https:\/\/archive.sana.sy\/es\/index.php?rest_route=%2Fwp%2Fv2%2Fmedia&parent=228418"}],"wp:term":[{"taxonomy":"category","embeddable":true,"href":"https:\/\/archive.sana.sy\/es\/index.php?rest_route=%2Fwp%2Fv2%2Fcategories&post=228418"},{"taxonomy":"post_tag","embeddable":true,"href":"https:\/\/archive.sana.sy\/es\/index.php?rest_route=%2Fwp%2Fv2%2Ftags&post=228418"}],"curies":[{"name":"wp","href":"https:\/\/api.w.org\/{rel}","templated":true}]}}