{"id":228424,"date":"2022-04-11T21:43:08","date_gmt":"2022-04-11T18:43:08","guid":{"rendered":"http:\/\/107.6.182.27\/es\/?p=228424"},"modified":"2023-01-10T16:34:47","modified_gmt":"2023-01-10T14:34:47","slug":"ocupacion-israeli-arresta-a-tres-palestinos-al-sur-de-la-mezquita-de-al-aqsa","status":"publish","type":"post","link":"https:\/\/archive.sana.sy\/es\/?p=228424","title":{"rendered":"Ocupaci\u00f3n israel\u00ed arresta a tres palestinos al sur de la mezquita de Al-Aqsa"},"content":{"rendered":"<p style=\"text-align: justify;\"><strong>Jerusal\u00e9n ocupada, 11 abr (SANA) <\/strong>Las fuerzas de ocupaci\u00f3n israel\u00edes arrestaron a tres palestinos en Silwan en la ciudad ocupada de Jerusal\u00e9n.<\/p>\n<p style=\"text-align: justify;\">Seg\u00fan divulg\u00f3 la agencia de noticias palestina WAFA, las fuerzas israel\u00edes irrumpieron en el barrio Bir Ayoub en Silwan, al sur de la mezquita al-Aqsa, y arrestaron a tres palestinos.<\/p>\n<p style=\"text-align: justify;\">Decenas de palestinos resultaron heridos y otros 25 han sido detenidos durante la incursi\u00f3n de las fuerzas de ocupaci\u00f3n israel\u00edes en varias zonas de Cisjordania.<\/p>\n<p style=\"text-align: justify;\"><em><strong>ah\/rsh<\/strong><\/em><\/p>\n","protected":false},"excerpt":{"rendered":"<p>Jerusal\u00e9n ocupada, 11 abr (SANA) Las fuerzas de ocupaci\u00f3n israel\u00edes arrestaron a tres palestinos en Silwan en la ciudad ocupada de Jerusal\u00e9n. Seg\u00fan divulg\u00f3 la agencia de noticias palestina WAFA, las fuerzas israel\u00edes irrumpieron en el barrio Bir Ayoub en Silwan, al sur de la mezquita al-Aqsa, y arrestaron a tres palestinos. Decenas de palestinos &hellip;<\/p>\n","protected":false},"author":30,"featured_media":228425,"comment_status":"closed","ping_status":"closed","sticky":false,"template":"","format":"standard","meta":{"footnotes":""},"categories":[597,456],"tags":[],"class_list":["post-228424","post","type-post","status-publish","format-standard","has-post-thumbnail","","category-cinta-de-noticias","category-arabe-internacional-politica"],"_links":{"self":[{"href":"https:\/\/archive.sana.sy\/es\/index.php?rest_route=\/wp\/v2\/posts\/228424"}],"collection":[{"href":"https:\/\/archive.sana.sy\/es\/index.php?rest_route=\/wp\/v2\/posts"}],"about":[{"href":"https:\/\/archive.sana.sy\/es\/index.php?rest_route=\/wp\/v2\/types\/post"}],"author":[{"embeddable":true,"href":"https:\/\/archive.sana.sy\/es\/index.php?rest_route=\/wp\/v2\/users\/30"}],"replies":[{"embeddable":true,"href":"https:\/\/archive.sana.sy\/es\/index.php?rest_route=%2Fwp%2Fv2%2Fcomments&post=228424"}],"version-history":[{"count":0,"href":"https:\/\/archive.sana.sy\/es\/index.php?rest_route=\/wp\/v2\/posts\/228424\/revisions"}],"wp:featuredmedia":[{"embeddable":true,"href":"https:\/\/archive.sana.sy\/es\/index.php?rest_route=\/wp\/v2\/media\/228425"}],"wp:attachment":[{"href":"https:\/\/archive.sana.sy\/es\/index.php?rest_route=%2Fwp%2Fv2%2Fmedia&parent=228424"}],"wp:term":[{"taxonomy":"category","embeddable":true,"href":"https:\/\/archive.sana.sy\/es\/index.php?rest_route=%2Fwp%2Fv2%2Fcategories&post=228424"},{"taxonomy":"post_tag","embeddable":true,"href":"https:\/\/archive.sana.sy\/es\/index.php?rest_route=%2Fwp%2Fv2%2Ftags&post=228424"}],"curies":[{"name":"wp","href":"https:\/\/api.w.org\/{rel}","templated":true}]}}