{"id":22843,"date":"2015-05-08T20:35:55","date_gmt":"2015-05-08T17:35:55","guid":{"rendered":"http:\/\/sana.sy\/es\/?p=22843"},"modified":"2015-05-09T17:35:29","modified_gmt":"2015-05-09T14:35:29","slug":"iran-reitera-el-apoyo-ilimitado-de-su-pais-a-siria","status":"publish","type":"post","link":"https:\/\/archive.sana.sy\/es\/?p=22843","title":{"rendered":"Shamjani reitera el apoyo ilimitado de su pa\u00eds a Siria"},"content":{"rendered":"<p style=\"text-align: justify\"><span style=\"color: #0000ff\">Teher\u00e1n-SANA<\/span><\/p>\n<p>El secretario del Consejo Supremo de Seguridad Nacional de Ir\u00e1n, Ali Shamjani, ha confirmado este viernes una vez m\u00e1s el firme apoyo de Ir\u00e1n al gobierno sirio como un gobierno leg\u00edtimo y popular, as\u00ed mismo, ha elogiado la ampliaci\u00f3n de los esfuerzos destinados a desarraigar a los grupos terroristas de ese pa\u00eds \u00e1rabe.<\/p>\n<p>En el mismo contexto, Shamjani a\u00f1adi\u00f3 que Siria ha sido presa de los disturbios mortales desde 2011. Seg\u00fan los informes, las potencias occidentales, sobre todo EE.UU., y sus aliados regionales -especialmente Qatar, Arabia Saud\u00ed y Turqu\u00eda- est\u00e1n apoyando a los terroristas que operan en este pa\u00eds \u00e1rabe.<\/p>\n<p>Por otra parte, Shamjani, ha asegurado que la Rep\u00fablica Isl\u00e1mica no se deja enga\u00f1ar por el Occidente ni se involucra en su plan de competencia regional.<br \/>\n\u201cEl t\u00e9rmino la competencia regional se basa en la mentalidad colonialista que se remonta a la \u00e9poca de la ignorancia preisl\u00e1mica. La l\u00f3gica del Islam la rechaza rotundamente\u201d, ha expresado.<\/p>\n<p><span style=\"color: #800000\">M.Miri<\/span><\/p>\n","protected":false},"excerpt":{"rendered":"<p>Teher\u00e1n-SANA El secretario del Consejo Supremo de Seguridad Nacional de Ir\u00e1n, Ali Shamjani, ha confirmado este viernes una vez m\u00e1s el firme apoyo de Ir\u00e1n al gobierno sirio como un gobierno leg\u00edtimo y popular, as\u00ed mismo, ha elogiado la ampliaci\u00f3n de los esfuerzos destinados a desarraigar a los grupos terroristas de ese pa\u00eds \u00e1rabe. En &hellip;<\/p>\n","protected":false},"author":1,"featured_media":22844,"comment_status":"closed","ping_status":"closed","sticky":false,"template":"","format":"standard","meta":{"footnotes":""},"categories":[456,457,576],"tags":[5180],"class_list":["post-22843","post","type-post","status-publish","format-standard","has-post-thumbnail","","category-arabe-internacional-politica","category-noticias-arabe-internacional-politica","category-noticias-politicas","tag-shamjani-reitera-el-apoyo-ilimitado-de-su-pais-a-siria"],"_links":{"self":[{"href":"https:\/\/archive.sana.sy\/es\/index.php?rest_route=\/wp\/v2\/posts\/22843"}],"collection":[{"href":"https:\/\/archive.sana.sy\/es\/index.php?rest_route=\/wp\/v2\/posts"}],"about":[{"href":"https:\/\/archive.sana.sy\/es\/index.php?rest_route=\/wp\/v2\/types\/post"}],"author":[{"embeddable":true,"href":"https:\/\/archive.sana.sy\/es\/index.php?rest_route=\/wp\/v2\/users\/1"}],"replies":[{"embeddable":true,"href":"https:\/\/archive.sana.sy\/es\/index.php?rest_route=%2Fwp%2Fv2%2Fcomments&post=22843"}],"version-history":[{"count":0,"href":"https:\/\/archive.sana.sy\/es\/index.php?rest_route=\/wp\/v2\/posts\/22843\/revisions"}],"wp:featuredmedia":[{"embeddable":true,"href":"https:\/\/archive.sana.sy\/es\/index.php?rest_route=\/wp\/v2\/media\/22844"}],"wp:attachment":[{"href":"https:\/\/archive.sana.sy\/es\/index.php?rest_route=%2Fwp%2Fv2%2Fmedia&parent=22843"}],"wp:term":[{"taxonomy":"category","embeddable":true,"href":"https:\/\/archive.sana.sy\/es\/index.php?rest_route=%2Fwp%2Fv2%2Fcategories&post=22843"},{"taxonomy":"post_tag","embeddable":true,"href":"https:\/\/archive.sana.sy\/es\/index.php?rest_route=%2Fwp%2Fv2%2Ftags&post=22843"}],"curies":[{"name":"wp","href":"https:\/\/api.w.org\/{rel}","templated":true}]}}