{"id":22846,"date":"2015-05-08T20:42:25","date_gmt":"2015-05-08T17:42:25","guid":{"rendered":"http:\/\/sana.sy\/es\/?p=22846"},"modified":"2015-05-08T20:46:50","modified_gmt":"2015-05-08T17:46:50","slug":"el-sevilla-derrota-a-la-fiorentina-y-acaricia-la-final","status":"publish","type":"post","link":"https:\/\/archive.sana.sy\/es\/?p=22846","title":{"rendered":"El Sevilla est\u00e1 cerca de repetir final europea por segunda vez en su historia"},"content":{"rendered":"<p><span style=\"color: #0000ff\">Madid-SANA<\/span><\/p>\n<p style=\"text-align: justify\">El Sevilla est\u00e1 muy cerca de volver a jugar la final de la Europa League tras vencer este jueves (3-0) a la Fiorentina en el partido de ida de semifinales, decidido por un doblete de Aleix Vidal y otro tanto de Kevin Gameiro, en lo que fue una aut\u00e9ntica exhibici\u00f3n del equipo de Unai Emery, que contin\u00faa en el camino para revalidar en Varsovia el segundo t\u00edtulo continental.<\/p>\n<p>&nbsp;<\/p>\n<p><span style=\"color: #800000\">M.Miri<\/span><\/p>\n","protected":false},"excerpt":{"rendered":"<p>Madid-SANA El Sevilla est\u00e1 muy cerca de volver a jugar la final de la Europa League tras vencer este jueves (3-0) a la Fiorentina en el partido de ida de semifinales, decidido por un doblete de Aleix Vidal y otro tanto de Kevin Gameiro, en lo que fue una aut\u00e9ntica exhibici\u00f3n del equipo de Unai &hellip;<\/p>\n","protected":false},"author":1,"featured_media":22847,"comment_status":"closed","ping_status":"closed","sticky":false,"template":"","format":"standard","meta":{"footnotes":""},"categories":[494],"tags":[5167,5168],"class_list":["post-22846","post","type-post","status-publish","format-standard","has-post-thumbnail","","category-deportes","tag-el-sevilla-derrota-a-la-fiorentina-y-acaricia-la-final","tag-el-sevilla-esta-cerca-de-repetir-final-europea-por-segunda-vez-en-su-historia"],"_links":{"self":[{"href":"https:\/\/archive.sana.sy\/es\/index.php?rest_route=\/wp\/v2\/posts\/22846"}],"collection":[{"href":"https:\/\/archive.sana.sy\/es\/index.php?rest_route=\/wp\/v2\/posts"}],"about":[{"href":"https:\/\/archive.sana.sy\/es\/index.php?rest_route=\/wp\/v2\/types\/post"}],"author":[{"embeddable":true,"href":"https:\/\/archive.sana.sy\/es\/index.php?rest_route=\/wp\/v2\/users\/1"}],"replies":[{"embeddable":true,"href":"https:\/\/archive.sana.sy\/es\/index.php?rest_route=%2Fwp%2Fv2%2Fcomments&post=22846"}],"version-history":[{"count":0,"href":"https:\/\/archive.sana.sy\/es\/index.php?rest_route=\/wp\/v2\/posts\/22846\/revisions"}],"wp:featuredmedia":[{"embeddable":true,"href":"https:\/\/archive.sana.sy\/es\/index.php?rest_route=\/wp\/v2\/media\/22847"}],"wp:attachment":[{"href":"https:\/\/archive.sana.sy\/es\/index.php?rest_route=%2Fwp%2Fv2%2Fmedia&parent=22846"}],"wp:term":[{"taxonomy":"category","embeddable":true,"href":"https:\/\/archive.sana.sy\/es\/index.php?rest_route=%2Fwp%2Fv2%2Fcategories&post=22846"},{"taxonomy":"post_tag","embeddable":true,"href":"https:\/\/archive.sana.sy\/es\/index.php?rest_route=%2Fwp%2Fv2%2Ftags&post=22846"}],"curies":[{"name":"wp","href":"https:\/\/api.w.org\/{rel}","templated":true}]}}