{"id":228475,"date":"2022-04-12T10:46:43","date_gmt":"2022-04-12T07:46:43","guid":{"rendered":"http:\/\/107.6.182.27\/es\/?p=228475"},"modified":"2023-01-10T16:34:46","modified_gmt":"2023-01-10T14:34:46","slug":"rusia-dice-que-occidente-incita-kiev-a-buscar-una-solucion-militar","status":"publish","type":"post","link":"https:\/\/archive.sana.sy\/es\/?p=228475","title":{"rendered":"Rusia dice que Occidente incita Kiev a buscar una soluci\u00f3n militar"},"content":{"rendered":"<p style=\"text-align: justify;\"><strong>Mosc\u00fa, 12 abr (SANA)\u00a0<\/strong> El Representante Permanente de Rusia ante la Organizaci\u00f3n para la Seguridad y la Cooperaci\u00f3n en Europa (OSCE), Alexander Lukashevich, dijo hoy que Occidente no busca una soluci\u00f3n diplom\u00e1tica al conflicto en Ucrania sino contin\u00faa incitando las autoridades de Kiev a optar por la v\u00eda militar.<\/p>\n<p style=\"text-align: justify;\">Los patrocinadores extranjeros no motivan a la parte ucraniana a utilizar medios pol\u00edticos y diplom\u00e1ticos para resolver la actual crisis, advirti\u00f3 Lukashevich durante una reuni\u00f3n especial del Consejo Permanente de OSCE .<\/p>\n<p style=\"text-align: justify;\">Explic\u00f3 que Kiev cambi\u00f3 su ret\u00f3rica y apost\u00f3 una vez m\u00e1s por el conflicto militar despu\u00e9s de las instigaciones por las capitales occidentales.<\/p>\n<p style=\"text-align: justify;\"><em><strong>ws\/fm<\/strong><\/em><\/p>\n","protected":false},"excerpt":{"rendered":"<p>Mosc\u00fa, 12 abr (SANA)\u00a0 El Representante Permanente de Rusia ante la Organizaci\u00f3n para la Seguridad y la Cooperaci\u00f3n en Europa (OSCE), Alexander Lukashevich, dijo hoy que Occidente no busca una soluci\u00f3n diplom\u00e1tica al conflicto en Ucrania sino contin\u00faa incitando las autoridades de Kiev a optar por la v\u00eda militar. Los patrocinadores extranjeros no motivan a &hellip;<\/p>\n","protected":false},"author":35,"featured_media":228477,"comment_status":"closed","ping_status":"closed","sticky":false,"template":"","format":"standard","meta":{"footnotes":""},"categories":[597,456],"tags":[],"class_list":["post-228475","post","type-post","status-publish","format-standard","has-post-thumbnail","","category-cinta-de-noticias","category-arabe-internacional-politica"],"_links":{"self":[{"href":"https:\/\/archive.sana.sy\/es\/index.php?rest_route=\/wp\/v2\/posts\/228475"}],"collection":[{"href":"https:\/\/archive.sana.sy\/es\/index.php?rest_route=\/wp\/v2\/posts"}],"about":[{"href":"https:\/\/archive.sana.sy\/es\/index.php?rest_route=\/wp\/v2\/types\/post"}],"author":[{"embeddable":true,"href":"https:\/\/archive.sana.sy\/es\/index.php?rest_route=\/wp\/v2\/users\/35"}],"replies":[{"embeddable":true,"href":"https:\/\/archive.sana.sy\/es\/index.php?rest_route=%2Fwp%2Fv2%2Fcomments&post=228475"}],"version-history":[{"count":0,"href":"https:\/\/archive.sana.sy\/es\/index.php?rest_route=\/wp\/v2\/posts\/228475\/revisions"}],"wp:featuredmedia":[{"embeddable":true,"href":"https:\/\/archive.sana.sy\/es\/index.php?rest_route=\/wp\/v2\/media\/228477"}],"wp:attachment":[{"href":"https:\/\/archive.sana.sy\/es\/index.php?rest_route=%2Fwp%2Fv2%2Fmedia&parent=228475"}],"wp:term":[{"taxonomy":"category","embeddable":true,"href":"https:\/\/archive.sana.sy\/es\/index.php?rest_route=%2Fwp%2Fv2%2Fcategories&post=228475"},{"taxonomy":"post_tag","embeddable":true,"href":"https:\/\/archive.sana.sy\/es\/index.php?rest_route=%2Fwp%2Fv2%2Ftags&post=228475"}],"curies":[{"name":"wp","href":"https:\/\/api.w.org\/{rel}","templated":true}]}}