{"id":228479,"date":"2022-04-12T11:08:29","date_gmt":"2022-04-12T08:08:29","guid":{"rendered":"http:\/\/107.6.182.27\/es\/?p=228479"},"modified":"2023-01-10T16:34:46","modified_gmt":"2023-01-10T14:34:46","slug":"un-palestino-muerto-por-disparos-israelies-en-los-territorios-palestinos-ocupados-de-1948","status":"publish","type":"post","link":"https:\/\/archive.sana.sy\/es\/?p=228479","title":{"rendered":"Un palestino muerto por disparos israel\u00edes en los territorios palestinos ocupados de 1948"},"content":{"rendered":"<p style=\"text-align: justify;\"><strong>Jerusal\u00e9n ocupada, 12 abr (SANA)<\/strong>\u00a0 En una nueva jornada de represi\u00f3n israel\u00ed, las fuerzas de ocupaci\u00f3n israel\u00edes abrieron fuego contra un grupo de j\u00f3venes palestinos en la ciudad de Asqal\u00e1n en los territorios palestinos ocupados de 1948.<\/p>\n<p>Seg\u00fan medios palestinos, la agresi\u00f3n de los militares sionistas provoc\u00f3 la muerte de uno de los j\u00f3venes.<\/p>\n<p>El lunes \u00faltimo, un joven palestino perdi\u00f3 su vida cuando las fuerzas israel\u00edes abrieron el fuego de sus armas en su contra, en la ciudad de Jenin, al norte de Cisjordania.<\/p>\n<p><em><strong>ws\/fm<\/strong><\/em><\/p>\n","protected":false},"excerpt":{"rendered":"<p>Jerusal\u00e9n ocupada, 12 abr (SANA)\u00a0 En una nueva jornada de represi\u00f3n israel\u00ed, las fuerzas de ocupaci\u00f3n israel\u00edes abrieron fuego contra un grupo de j\u00f3venes palestinos en la ciudad de Asqal\u00e1n en los territorios palestinos ocupados de 1948. Seg\u00fan medios palestinos, la agresi\u00f3n de los militares sionistas provoc\u00f3 la muerte de uno de los j\u00f3venes. El &hellip;<\/p>\n","protected":false},"author":35,"featured_media":228480,"comment_status":"closed","ping_status":"closed","sticky":false,"template":"","format":"standard","meta":{"footnotes":""},"categories":[597,456,7541],"tags":[],"class_list":["post-228479","post","type-post","status-publish","format-standard","has-post-thumbnail","","category-cinta-de-noticias","category-arabe-internacional-politica","category-ultimas-noticias"],"_links":{"self":[{"href":"https:\/\/archive.sana.sy\/es\/index.php?rest_route=\/wp\/v2\/posts\/228479"}],"collection":[{"href":"https:\/\/archive.sana.sy\/es\/index.php?rest_route=\/wp\/v2\/posts"}],"about":[{"href":"https:\/\/archive.sana.sy\/es\/index.php?rest_route=\/wp\/v2\/types\/post"}],"author":[{"embeddable":true,"href":"https:\/\/archive.sana.sy\/es\/index.php?rest_route=\/wp\/v2\/users\/35"}],"replies":[{"embeddable":true,"href":"https:\/\/archive.sana.sy\/es\/index.php?rest_route=%2Fwp%2Fv2%2Fcomments&post=228479"}],"version-history":[{"count":0,"href":"https:\/\/archive.sana.sy\/es\/index.php?rest_route=\/wp\/v2\/posts\/228479\/revisions"}],"wp:featuredmedia":[{"embeddable":true,"href":"https:\/\/archive.sana.sy\/es\/index.php?rest_route=\/wp\/v2\/media\/228480"}],"wp:attachment":[{"href":"https:\/\/archive.sana.sy\/es\/index.php?rest_route=%2Fwp%2Fv2%2Fmedia&parent=228479"}],"wp:term":[{"taxonomy":"category","embeddable":true,"href":"https:\/\/archive.sana.sy\/es\/index.php?rest_route=%2Fwp%2Fv2%2Fcategories&post=228479"},{"taxonomy":"post_tag","embeddable":true,"href":"https:\/\/archive.sana.sy\/es\/index.php?rest_route=%2Fwp%2Fv2%2Ftags&post=228479"}],"curies":[{"name":"wp","href":"https:\/\/api.w.org\/{rel}","templated":true}]}}