{"id":228484,"date":"2022-04-12T12:36:56","date_gmt":"2022-04-12T09:36:56","guid":{"rendered":"http:\/\/107.6.182.27\/es\/?p=228484"},"modified":"2023-01-10T16:34:45","modified_gmt":"2023-01-10T14:34:45","slug":"rusia-derribo-un-dron-de-fabricacion-turca-cerca-de-las-playas-de-crimea","status":"publish","type":"post","link":"https:\/\/archive.sana.sy\/es\/?p=228484","title":{"rendered":"Rusia derrib\u00f3 un dron de fabricaci\u00f3n turca cerca de las playas de Crimea"},"content":{"rendered":"<p style=\"text-align: justify;\"><strong><span style=\"color: #800000;\">Mosc\u00fa, 12 abr (SANA)<\/span><\/strong>\u00a0 \u00a0 El Ministerio de Defensa ruso anunci\u00f3 que intercept\u00f3 un dron de fabricaci\u00f3n turca \/Bayraktar TB2\/ en las playas de Crimea.<\/p>\n<p style=\"text-align: justify;\">El Ministerio public\u00f3 este martes un video que muestra a una fragata rusa de la Flota del Mar Negro destruyendo un dron tipo \/Bayraktar TB2\/ de fabricaci\u00f3n turca en las playas de Crimea.<\/p>\n<p style=\"text-align: justify;\">El barco lanz\u00f3 dos misiles antia\u00e9reos Shtil contra el aparato, detall\u00f3 el ministerio.<\/p>\n<p style=\"text-align: justify;\">\u201cEl avi\u00f3n pertenece a las Fuerzas Armadas de Ucrania y estaba realizando tareas de reconocimiento de los barcos de la Flota del Mar Negro y de posiciones rusas ubicados en Crimea y el sur de Ucrania\u201d, precis\u00f3.<\/p>\n<p style=\"text-align: justify;\">ed\/fm<\/p>\n","protected":false},"excerpt":{"rendered":"<p>Mosc\u00fa, 12 abr (SANA)\u00a0 \u00a0 El Ministerio de Defensa ruso anunci\u00f3 que intercept\u00f3 un dron de fabricaci\u00f3n turca \/Bayraktar TB2\/ en las playas de Crimea. El Ministerio public\u00f3 este martes un video que muestra a una fragata rusa de la Flota del Mar Negro destruyendo un dron tipo \/Bayraktar TB2\/ de fabricaci\u00f3n turca en las &hellip;<\/p>\n","protected":false},"author":32,"featured_media":228485,"comment_status":"closed","ping_status":"closed","sticky":false,"template":"","format":"standard","meta":{"footnotes":""},"categories":[597,456,7541],"tags":[],"class_list":["post-228484","post","type-post","status-publish","format-standard","has-post-thumbnail","","category-cinta-de-noticias","category-arabe-internacional-politica","category-ultimas-noticias"],"_links":{"self":[{"href":"https:\/\/archive.sana.sy\/es\/index.php?rest_route=\/wp\/v2\/posts\/228484"}],"collection":[{"href":"https:\/\/archive.sana.sy\/es\/index.php?rest_route=\/wp\/v2\/posts"}],"about":[{"href":"https:\/\/archive.sana.sy\/es\/index.php?rest_route=\/wp\/v2\/types\/post"}],"author":[{"embeddable":true,"href":"https:\/\/archive.sana.sy\/es\/index.php?rest_route=\/wp\/v2\/users\/32"}],"replies":[{"embeddable":true,"href":"https:\/\/archive.sana.sy\/es\/index.php?rest_route=%2Fwp%2Fv2%2Fcomments&post=228484"}],"version-history":[{"count":0,"href":"https:\/\/archive.sana.sy\/es\/index.php?rest_route=\/wp\/v2\/posts\/228484\/revisions"}],"wp:featuredmedia":[{"embeddable":true,"href":"https:\/\/archive.sana.sy\/es\/index.php?rest_route=\/wp\/v2\/media\/228485"}],"wp:attachment":[{"href":"https:\/\/archive.sana.sy\/es\/index.php?rest_route=%2Fwp%2Fv2%2Fmedia&parent=228484"}],"wp:term":[{"taxonomy":"category","embeddable":true,"href":"https:\/\/archive.sana.sy\/es\/index.php?rest_route=%2Fwp%2Fv2%2Fcategories&post=228484"},{"taxonomy":"post_tag","embeddable":true,"href":"https:\/\/archive.sana.sy\/es\/index.php?rest_route=%2Fwp%2Fv2%2Ftags&post=228484"}],"curies":[{"name":"wp","href":"https:\/\/api.w.org\/{rel}","templated":true}]}}