{"id":228500,"date":"2022-04-12T13:57:56","date_gmt":"2022-04-12T10:57:56","guid":{"rendered":"http:\/\/107.6.182.27\/es\/?p=228500"},"modified":"2023-01-10T16:34:45","modified_gmt":"2023-01-10T14:34:45","slug":"mercenarios-en-ucrania-supondran-futura-amenaza-para-la-seguridad-de-eeuu-y-sus-aliados-afirma-zajarova","status":"publish","type":"post","link":"https:\/\/archive.sana.sy\/es\/?p=228500","title":{"rendered":"Mercenarios en Ucrania supondr\u00e1n futura amenaza para la seguridad de EEUU y sus aliados, afirma Zaj\u00e1rova"},"content":{"rendered":"<p style=\"text-align: justify;\"><span style=\"color: #800000;\"><strong>Mosc\u00fa, 12 abr (SANA)<\/strong> <\/span>La portavoz del Ministerio de Exteriores de Rusia, Mar\u00eda Zaj\u00e1rova, afirm\u00f3 que los mercenarios que luchan en Ucrania se unir\u00e1n a las filas de los neonazis en el futuro y supondr\u00e1n una futura amenaza para la seguridad de Estados Unidos y sus aliados europeos.<\/p>\n<p style=\"text-align: justify;\">\u201cNuestros socios europeos y estadounidenses no tienen en cuenta las consecuencias de instigar a la lucha contra Rusia y desestimar el peligro de estos voluntarios en el futuro\u201d, public\u00f3 Zaj\u00e1rova en su cuenta de telegram.<\/p>\n<p style=\"text-align: justify;\">La vocera se\u00f1al\u00f3 que estos combatientes ser\u00e1n entrenados y permanecer\u00e1n en las filas de las formaciones paramilitares ucranianas que luchan del lado de los nazis, y al regresar a casa padecer\u00e1n enfermedades mentales y estar\u00e1n imbuidos de la ideolog\u00eda del odio humano\u201d.<\/p>\n<p style=\"text-align: justify;\">ws\/fm\/ed<\/p>\n","protected":false},"excerpt":{"rendered":"<p>Mosc\u00fa, 12 abr (SANA) La portavoz del Ministerio de Exteriores de Rusia, Mar\u00eda Zaj\u00e1rova, afirm\u00f3 que los mercenarios que luchan en Ucrania se unir\u00e1n a las filas de los neonazis en el futuro y supondr\u00e1n una futura amenaza para la seguridad de Estados Unidos y sus aliados europeos. \u201cNuestros socios europeos y estadounidenses no tienen &hellip;<\/p>\n","protected":false},"author":32,"featured_media":228501,"comment_status":"closed","ping_status":"closed","sticky":false,"template":"","format":"standard","meta":{"footnotes":""},"categories":[597,456,7541],"tags":[],"class_list":["post-228500","post","type-post","status-publish","format-standard","has-post-thumbnail","","category-cinta-de-noticias","category-arabe-internacional-politica","category-ultimas-noticias"],"_links":{"self":[{"href":"https:\/\/archive.sana.sy\/es\/index.php?rest_route=\/wp\/v2\/posts\/228500"}],"collection":[{"href":"https:\/\/archive.sana.sy\/es\/index.php?rest_route=\/wp\/v2\/posts"}],"about":[{"href":"https:\/\/archive.sana.sy\/es\/index.php?rest_route=\/wp\/v2\/types\/post"}],"author":[{"embeddable":true,"href":"https:\/\/archive.sana.sy\/es\/index.php?rest_route=\/wp\/v2\/users\/32"}],"replies":[{"embeddable":true,"href":"https:\/\/archive.sana.sy\/es\/index.php?rest_route=%2Fwp%2Fv2%2Fcomments&post=228500"}],"version-history":[{"count":0,"href":"https:\/\/archive.sana.sy\/es\/index.php?rest_route=\/wp\/v2\/posts\/228500\/revisions"}],"wp:featuredmedia":[{"embeddable":true,"href":"https:\/\/archive.sana.sy\/es\/index.php?rest_route=\/wp\/v2\/media\/228501"}],"wp:attachment":[{"href":"https:\/\/archive.sana.sy\/es\/index.php?rest_route=%2Fwp%2Fv2%2Fmedia&parent=228500"}],"wp:term":[{"taxonomy":"category","embeddable":true,"href":"https:\/\/archive.sana.sy\/es\/index.php?rest_route=%2Fwp%2Fv2%2Fcategories&post=228500"},{"taxonomy":"post_tag","embeddable":true,"href":"https:\/\/archive.sana.sy\/es\/index.php?rest_route=%2Fwp%2Fv2%2Ftags&post=228500"}],"curies":[{"name":"wp","href":"https:\/\/api.w.org\/{rel}","templated":true}]}}