{"id":22852,"date":"2015-05-08T21:13:52","date_gmt":"2015-05-08T18:13:52","guid":{"rendered":"http:\/\/sana.sy\/es\/?p=22852"},"modified":"2015-05-08T21:13:52","modified_gmt":"2015-05-08T18:13:52","slug":"sancionan-a-tres-noruegos-a-penas-de-carcel-por-relaciones-con-el-ei","status":"publish","type":"post","link":"https:\/\/archive.sana.sy\/es\/?p=22852","title":{"rendered":"Sancionan a tres noruegos a penas de c\u00e1rcel por relaciones con el (EI)"},"content":{"rendered":"<p><span style=\"color: #0000ff\">Oslo-SANA<\/span><\/p>\n<p style=\"text-align: justify\">Un tribunal de Oslo conden\u00f3 hoy a penas de entre siete meses y casi cinco a\u00f1os de c\u00e1rcel a tres ciudadanos noruegos por colaborar con el grupo yihadista Estado Isl\u00e1mico (EI) en Siria.<\/p>\n<p style=\"text-align: justify\">Un noruego de origen alban\u00e9s de 28 a\u00f1os y otro de origen somal\u00ed de 30 fueron sentenciados a cuatro a\u00f1os y nueve meses y cuatro a\u00f1os y tres meses de prisi\u00f3n, respectivamente, por pertenencia al EI.<\/p>\n<p style=\"text-align: justify\">La sentencia consider\u00f3 probado que ambos juraron en 2013 lealtad a este grupo terrorista y sirvieron en sus filas, mientras que el tercer acusado, de origen alban\u00e9s y hermano del primero, recibi\u00f3 una pena de siete meses por proporcionarles ropa y equipamiento.<\/p>\n<p style=\"text-align: justify\">Conviene mencionar que, es la primera vez que en Noruega se aplica el art\u00edculo 147 del C\u00f3digo Penal, que castiga con hasta seis a\u00f1os de prisi\u00f3n la colaboraci\u00f3n con organizaci\u00f3n terrorista a trav\u00e9s de apoyo econ\u00f3mico, material o de otro tipo.<\/p>\n<p><span style=\"color: #800000\">M.Miri<\/span><\/p>\n","protected":false},"excerpt":{"rendered":"<p>Oslo-SANA Un tribunal de Oslo conden\u00f3 hoy a penas de entre siete meses y casi cinco a\u00f1os de c\u00e1rcel a tres ciudadanos noruegos por colaborar con el grupo yihadista Estado Isl\u00e1mico (EI) en Siria. Un noruego de origen alban\u00e9s de 28 a\u00f1os y otro de origen somal\u00ed de 30 fueron sentenciados a cuatro a\u00f1os y &hellip;<\/p>\n","protected":false},"author":1,"featured_media":22853,"comment_status":"closed","ping_status":"closed","sticky":false,"template":"","format":"standard","meta":{"footnotes":""},"categories":[555],"tags":[5169],"class_list":["post-22852","post","type-post","status-publish","format-standard","has-post-thumbnail","","category-prensa","tag-sancionan-a-tres-noruegos-a-penas-de-carcel-por-relaciones-con-el-ei"],"_links":{"self":[{"href":"https:\/\/archive.sana.sy\/es\/index.php?rest_route=\/wp\/v2\/posts\/22852"}],"collection":[{"href":"https:\/\/archive.sana.sy\/es\/index.php?rest_route=\/wp\/v2\/posts"}],"about":[{"href":"https:\/\/archive.sana.sy\/es\/index.php?rest_route=\/wp\/v2\/types\/post"}],"author":[{"embeddable":true,"href":"https:\/\/archive.sana.sy\/es\/index.php?rest_route=\/wp\/v2\/users\/1"}],"replies":[{"embeddable":true,"href":"https:\/\/archive.sana.sy\/es\/index.php?rest_route=%2Fwp%2Fv2%2Fcomments&post=22852"}],"version-history":[{"count":0,"href":"https:\/\/archive.sana.sy\/es\/index.php?rest_route=\/wp\/v2\/posts\/22852\/revisions"}],"wp:featuredmedia":[{"embeddable":true,"href":"https:\/\/archive.sana.sy\/es\/index.php?rest_route=\/wp\/v2\/media\/22853"}],"wp:attachment":[{"href":"https:\/\/archive.sana.sy\/es\/index.php?rest_route=%2Fwp%2Fv2%2Fmedia&parent=22852"}],"wp:term":[{"taxonomy":"category","embeddable":true,"href":"https:\/\/archive.sana.sy\/es\/index.php?rest_route=%2Fwp%2Fv2%2Fcategories&post=22852"},{"taxonomy":"post_tag","embeddable":true,"href":"https:\/\/archive.sana.sy\/es\/index.php?rest_route=%2Fwp%2Fv2%2Ftags&post=22852"}],"curies":[{"name":"wp","href":"https:\/\/api.w.org\/{rel}","templated":true}]}}