{"id":22858,"date":"2015-05-08T21:33:55","date_gmt":"2015-05-08T18:33:55","guid":{"rendered":"http:\/\/sana.sy\/es\/?p=22858"},"modified":"2023-01-09T14:10:11","modified_gmt":"2023-01-09T12:10:11","slug":"un-ataque-terrorista-deja-2-martires-y-5-heridos-en-damasco","status":"publish","type":"post","link":"https:\/\/archive.sana.sy\/es\/?p=22858","title":{"rendered":"Un ataque terrorista deja 2 m\u00e1rtires y 5  heridos en Damasco"},"content":{"rendered":"<p><span style=\"color: #0000ff\">Damasco-Campo-SANA<\/span><\/p>\n<p>Un padre cay\u00f3 m\u00e1rtir junto con su ni\u00f1o por un ataque terrorista con proyectiles de mortero contra el suburbio\u00a0 residencial \u201cHarasta\u201d,\u00a0 en el campo de\u00a0 Damasco.<\/p>\n<p>Una fuente del comando de polic\u00eda, inform\u00f3 que terroristas atrincherados en la localidad de,\u00a0 dispararon este viernes\u00a0 cuatro\u00a0 proyectiles\u00a0 de mortero contra el suburbio residencial \u201cHarasta en el campo de Damasco, dejando civiles muertos y 5 civiles heridos, y\u00a0 da\u00f1os\u00a0 materiales en las propiedades privadas.<\/p>\n<p>Es de se\u00f1alar que el mismo suburbio ha sufrido el 22 de abril ataques terroristas similares causando da\u00f1os\u00a0 materiales en la zona.<\/p>\n<p><span style=\"color: #800000\">M.Miri<\/span><\/p>\n","protected":false},"excerpt":{"rendered":"<p>Damasco-Campo-SANA Un padre cay\u00f3 m\u00e1rtir junto con su ni\u00f1o por un ataque terrorista con proyectiles de mortero contra el suburbio\u00a0 residencial \u201cHarasta\u201d,\u00a0 en el campo de\u00a0 Damasco. Una fuente del comando de polic\u00eda, inform\u00f3 que terroristas atrincherados en la localidad de,\u00a0 dispararon este viernes\u00a0 cuatro\u00a0 proyectiles\u00a0 de mortero contra el suburbio residencial \u201cHarasta en el &hellip;<\/p>\n","protected":false},"author":1,"featured_media":22859,"comment_status":"closed","ping_status":"closed","sticky":false,"template":"","format":"standard","meta":{"footnotes":""},"categories":[477,573,476],"tags":[5171],"class_list":["post-22858","post","type-post","status-publish","format-standard","has-post-thumbnail","","category-noticias-edulcorantes","category-la-realidad-de-los-acontecimientos-en-siria","category-locales","tag-un-ataque-terrorista-deja-2-martires-y-4-heridos-en-damasco"],"_links":{"self":[{"href":"https:\/\/archive.sana.sy\/es\/index.php?rest_route=\/wp\/v2\/posts\/22858"}],"collection":[{"href":"https:\/\/archive.sana.sy\/es\/index.php?rest_route=\/wp\/v2\/posts"}],"about":[{"href":"https:\/\/archive.sana.sy\/es\/index.php?rest_route=\/wp\/v2\/types\/post"}],"author":[{"embeddable":true,"href":"https:\/\/archive.sana.sy\/es\/index.php?rest_route=\/wp\/v2\/users\/1"}],"replies":[{"embeddable":true,"href":"https:\/\/archive.sana.sy\/es\/index.php?rest_route=%2Fwp%2Fv2%2Fcomments&post=22858"}],"version-history":[{"count":0,"href":"https:\/\/archive.sana.sy\/es\/index.php?rest_route=\/wp\/v2\/posts\/22858\/revisions"}],"wp:featuredmedia":[{"embeddable":true,"href":"https:\/\/archive.sana.sy\/es\/index.php?rest_route=\/wp\/v2\/media\/22859"}],"wp:attachment":[{"href":"https:\/\/archive.sana.sy\/es\/index.php?rest_route=%2Fwp%2Fv2%2Fmedia&parent=22858"}],"wp:term":[{"taxonomy":"category","embeddable":true,"href":"https:\/\/archive.sana.sy\/es\/index.php?rest_route=%2Fwp%2Fv2%2Fcategories&post=22858"},{"taxonomy":"post_tag","embeddable":true,"href":"https:\/\/archive.sana.sy\/es\/index.php?rest_route=%2Fwp%2Fv2%2Ftags&post=22858"}],"curies":[{"name":"wp","href":"https:\/\/api.w.org\/{rel}","templated":true}]}}