{"id":22865,"date":"2015-05-08T22:21:10","date_gmt":"2015-05-08T19:21:10","guid":{"rendered":"http:\/\/sana.sy\/es\/?p=22865"},"modified":"2015-05-08T22:21:10","modified_gmt":"2015-05-08T19:21:10","slug":"nueva-generacion-de-dispositivos-borran-la-frontera-entre-movil-y-ordenador-personal","status":"publish","type":"post","link":"https:\/\/archive.sana.sy\/es\/?p=22865","title":{"rendered":"Nueva generaci\u00f3n de dispositivos borran la frontera entre m\u00f3vil y ordenador personal"},"content":{"rendered":"<p><span style=\"color: #0000ff\">Washington-SANA<\/span><\/p>\n<p style=\"text-align: justify\">Algunos m\u00f3viles tienen una potencia similar a la de un PC sencillo, pero a\u00fan nadie ha dado con la f\u00f3rmula para unificar ambos dispositivos en uno solo. \u00bfPodr\u00e1n los m\u00f3viles sustituir al ordenador personal? Canonical y Asus se encuentran entre las empresas que lo han intentado. Microsoft tambi\u00e9n probar\u00e1 suerte. En el encuentro Build 2015 la compa\u00f1\u00eda anunci\u00f3 que algunos de los futuros tel\u00e9fonos con Windows 10 podr\u00e1n usarse como un ordenador gracias a la tecnolog\u00eda Continuum.<\/p>\n<p style=\"text-align: justify\">Para ello, bastar\u00e1 con conectarles un televisor o un monitor, un rat\u00f3n y un teclado para usar una versi\u00f3n de Windows casi id\u00e9ntica a la de un PC. Joe Belfiore, uno de los responsables de sistemas operativos de Microsoft, explic\u00f3 que los primeros tel\u00e9fonos que contar\u00e1n con esta prestaci\u00f3n llegar\u00e1n el pr\u00f3ximo verano y vendr\u00e1n equipados con procesadores capaces de trabajar con dos pantallas a la vez.<\/p>\n<p style=\"text-align: justify\">De esta forma, lo que se ver\u00e1 en la pantalla del m\u00f3vil no ser\u00e1 necesariamente lo mismo que en la pantalla a la que se conecte. Esto permitir\u00e1, por ejemplo, reproducir una pel\u00edcula en un televisor mientras se efect\u00faa otra tarea en el m\u00f3vil.<\/p>\n<p><span style=\"color: #800000\">M.Miri<\/span><\/p>\n","protected":false},"excerpt":{"rendered":"<p>Washington-SANA Algunos m\u00f3viles tienen una potencia similar a la de un PC sencillo, pero a\u00fan nadie ha dado con la f\u00f3rmula para unificar ambos dispositivos en uno solo. \u00bfPodr\u00e1n los m\u00f3viles sustituir al ordenador personal? Canonical y Asus se encuentran entre las empresas que lo han intentado. Microsoft tambi\u00e9n probar\u00e1 suerte. En el encuentro Build &hellip;<\/p>\n","protected":false},"author":1,"featured_media":22866,"comment_status":"closed","ping_status":"closed","sticky":false,"template":"","format":"standard","meta":{"footnotes":""},"categories":[1],"tags":[5173],"class_list":["post-22865","post","type-post","status-publish","format-standard","has-post-thumbnail","","category-news-not-sorted","tag-nueva-generacion-de-dispositivos-borran-la-frontera-entre-movil-y-ordenador-personal"],"_links":{"self":[{"href":"https:\/\/archive.sana.sy\/es\/index.php?rest_route=\/wp\/v2\/posts\/22865"}],"collection":[{"href":"https:\/\/archive.sana.sy\/es\/index.php?rest_route=\/wp\/v2\/posts"}],"about":[{"href":"https:\/\/archive.sana.sy\/es\/index.php?rest_route=\/wp\/v2\/types\/post"}],"author":[{"embeddable":true,"href":"https:\/\/archive.sana.sy\/es\/index.php?rest_route=\/wp\/v2\/users\/1"}],"replies":[{"embeddable":true,"href":"https:\/\/archive.sana.sy\/es\/index.php?rest_route=%2Fwp%2Fv2%2Fcomments&post=22865"}],"version-history":[{"count":0,"href":"https:\/\/archive.sana.sy\/es\/index.php?rest_route=\/wp\/v2\/posts\/22865\/revisions"}],"wp:featuredmedia":[{"embeddable":true,"href":"https:\/\/archive.sana.sy\/es\/index.php?rest_route=\/wp\/v2\/media\/22866"}],"wp:attachment":[{"href":"https:\/\/archive.sana.sy\/es\/index.php?rest_route=%2Fwp%2Fv2%2Fmedia&parent=22865"}],"wp:term":[{"taxonomy":"category","embeddable":true,"href":"https:\/\/archive.sana.sy\/es\/index.php?rest_route=%2Fwp%2Fv2%2Fcategories&post=22865"},{"taxonomy":"post_tag","embeddable":true,"href":"https:\/\/archive.sana.sy\/es\/index.php?rest_route=%2Fwp%2Fv2%2Ftags&post=22865"}],"curies":[{"name":"wp","href":"https:\/\/api.w.org\/{rel}","templated":true}]}}