{"id":22873,"date":"2015-05-09T21:33:06","date_gmt":"2015-05-09T18:33:06","guid":{"rendered":"http:\/\/www.sana.sy\/es\/?p=22873"},"modified":"2015-05-10T14:02:08","modified_gmt":"2015-05-10T11:02:08","slug":"ejercito-repele-ataque-de-terroristas-contra-la-localidad-de-khirbet-ghazaleh-en-deraa","status":"publish","type":"post","link":"https:\/\/archive.sana.sy\/es\/?p=22873","title":{"rendered":"Ej\u00e9rcito repele ataque de terroristas contra Khirbet Ghazaleh en Deraa y retoma el control de una colina al este de Yisser Al Shughur"},"content":{"rendered":"<p><span style=\"color: #800000\">Provincias, SANA<\/span><\/p>\n<p style=\"text-align: justify\">Fuerzas Armadas contin\u00faan sus operativos antiterroristas en varias zonas del pa\u00eds.<\/p>\n<p style=\"text-align: justify\"><span style=\"color: #0000ff\">Deraa<\/span><\/p>\n<p style=\"text-align: justify\">En la provincia sure\u00f1a de Deraa, una unidad militar elimin\u00f3 a los integrantes de un grupo terroristas que intent\u00f3 lanzar un ataque contra los vecinos de la localidad de Khirbet Ghazaleh en el campo noreste de Deraa.<\/p>\n<p style=\"text-align: justify\">Por otro lado, una unidad militar repeli\u00f3 el ataque de un grupo terrorista contra un puesto militar en la ciudad de Hirak ubicada a 30 km al nordeste de la ciudad de Deraa, acabando con la mayor\u00eda de los integrantes de este grupo y destruyendo su armamento.<\/p>\n<p style=\"text-align: justify\">Por su parte, una fuente militar inform\u00f3 que unidades del ej\u00e9rcito destruyeron a un convoy de veh\u00edculos de las organizaciones terroristas entre las aldeas de Awsaj y Hara en el campo noroeste de la provincia sure\u00f1a.<\/p>\n<p style=\"text-align: justify\">Asimismo, varios terroristas del Frente de al-Nousra resultaron abatidos en operativos del ej\u00e9rcito en las aldeas\u00a0de al-Tiha y Kafar Shams en el campo noreste de Deraa.<\/p>\n<p style=\"text-align: justify\"><span style=\"color: #0000ff\">Quneitra<\/span><\/p>\n<p style=\"text-align: justify\">En el campo de la provincia de Quneitra, una unidad del ej\u00e9rcito destruy\u00f3 a veh\u00edculos y equipos militares de varias organizaciones extremistas que operan bajo el liderazgo del Frente Al-Nousra, brazo de al-Qaeda en el Levante.<\/p>\n<p style=\"text-align: justify\"><span style=\"color: #0000ff\">Sweida<\/span><\/p>\n<p style=\"text-align: justify\">Asimismo, las FFAA aniquilaron a terroristas del Estado Isl\u00e1mico y les destruyeron un convoy de veh\u00edculos artillados al este del pueblo de al-Rashida en el campo este de Sweida, cercano de la frontera con Jordania.<\/p>\n<p style=\"text-align: justify\"><span style=\"color: #0000ff\">Homs<\/span><\/p>\n<p style=\"text-align: justify\">En el centro de Siria, unidades de las Fuerzas Armadas bombardearon a sedes y cuarteles de las organizaciones terroristas del Estado Isl\u00e1mico y el Frente al-Nousra, en las zonas rurales en el norte y este de la provincia de Homs.<\/p>\n<p style=\"text-align: justify\">En este contexto, las FFAA dejaron muertos o heridos a terroristas del EI en los pueblos de al-Khreiye, Arshouna y al-Sultaniya en el campo este de la provincia central.<\/p>\n<p style=\"text-align: justify\">Asimismo, la Fuerza A\u00e9rea del Ej\u00e9rcito llev\u00f3 a cabo una serie de incursiones contra agrupaciones de los terroristas del Estado Isl\u00e1mico en las proximidades del campo petrolero de al-Shaer, matando a decenas de terroristas y destruyendo sus armas y municiones.<\/p>\n<p style=\"text-align: justify\">Por otro lado, una fuente militar habl\u00f3 de la destrucci\u00f3n de fortificaciones y veh\u00edculos de los terroristas del Frente Al-Nousra, el Ej\u00e9rcito de Tawhid, Legi\u00f3n de Homs y los Libres del Levante, en unas operaciones en la zona de Houla al norte de Homs.<\/p>\n<p style=\"text-align: justify\"><span style=\"color: #0000ff\">Idleb<\/span><\/p>\n<p style=\"text-align: justify\">En el campo de Idleb, una unidad del ej\u00e9rcito retom\u00f3 el control de la colina de Khattab al este de Yesser Al Shughur despu\u00e9s de haber eliminado a numerosos terroristas.<\/p>\n<div class=\"yj6qo ajU\">\n<div id=\":1ee\" class=\"ajR\" style=\"text-align: justify\"><img decoding=\"async\" class=\"ajT\" src=\"https:\/\/ssl.gstatic.com\/ui\/v1\/icons\/mail\/images\/cleardot.gif\" alt=\"\" \/><span style=\"color: #0000ff\">Latakia<\/span><\/div>\n<div class=\"ajR\" style=\"text-align: justify\"><\/div>\n<div class=\"ajR\" style=\"text-align: justify\"><\/div>\n<div class=\"ajR\" style=\"text-align: justify\">En el campo norte de la provincia costera, la Fuerza \u00c1rea Siria acab\u00f3 con concentraciones de terroristas en los pueblos de Samkufa, Yeb al-Ahmar y Rueise Khandak al-Strek, al-Mgheriya y Tartiah, seg\u00fan inform\u00f3 una fuente militar.<\/div>\n<div class=\"ajR\" style=\"text-align: justify\"><\/div>\n<div class=\"ajR\" style=\"text-align: justify\"><\/div>\n<div class=\"ajR\" style=\"text-align: justify\">La fuente agreg\u00f3 que los operativos destruyeron varios veh\u00edculos de los terroristas del Frente de al-Nousra, y el llamado \u201cMovimiento Isl\u00e1mico de los Libres de Shaam\u201d.<\/div>\n<div class=\"ajR\" style=\"text-align: justify\"><\/div>\n<div class=\"ajR\" style=\"text-align: justify\"><\/div>\n<div class=\"ajR\"><span style=\"color: #0000ff\">Hama<\/span><\/p>\n<p style=\"text-align: justify\">Seg\u00fan una fuente militar, las unidades militares han destruido veh\u00edculos usados por los terroristas y acaban con un gran n\u00famero de ellos en Kefer Zaita y Skek en el campo de la ciudad.<\/p>\n<p style=\"text-align: justify\"><span style=\"color: #0000ff\">Alepo<\/span><\/p>\n<p style=\"text-align: justify\">En la ciudad norte\u00f1a de Alepo, las unidades militares ha atacado escondites de los terroristas en la periferia de la academia de la Fuerza \u00c1rea, y en al-Mashad, al-Ameriyah, al-Zahraa, al-Lairamun y al-Shej Maksud, donde un gran n\u00famero de terrorista han sido abatidos adem\u00e1s de la destrucci\u00f3n de sus armas y veh\u00edculos.<\/p>\n<\/div>\n<\/div>\n<p>&nbsp;<\/p>\n<p><span style=\"color: #993300\">Fady M., Lynn A.,M.Miri<\/span><\/p>\n","protected":false},"excerpt":{"rendered":"<p>Provincias, SANA Fuerzas Armadas contin\u00faan sus operativos antiterroristas en varias zonas del pa\u00eds. Deraa En la provincia sure\u00f1a de Deraa, una unidad militar elimin\u00f3 a los integrantes de un grupo terroristas que intent\u00f3 lanzar un ataque contra los vecinos de la localidad de Khirbet Ghazaleh en el campo noreste de Deraa. Por otro lado, una &hellip;<\/p>\n","protected":false},"author":24,"featured_media":20054,"comment_status":"closed","ping_status":"closed","sticky":false,"template":"","format":"standard","meta":{"footnotes":""},"categories":[573],"tags":[5185],"class_list":["post-22873","post","type-post","status-publish","format-standard","has-post-thumbnail","","category-la-realidad-de-los-acontecimientos-en-siria","tag-ejercito-repele-ataque-de-terroristas-contra-khirbet-ghazaleh-en-deraa-y-retoma-el-control-de-una-colina-al-este-de-yisser-al-shughur"],"_links":{"self":[{"href":"https:\/\/archive.sana.sy\/es\/index.php?rest_route=\/wp\/v2\/posts\/22873"}],"collection":[{"href":"https:\/\/archive.sana.sy\/es\/index.php?rest_route=\/wp\/v2\/posts"}],"about":[{"href":"https:\/\/archive.sana.sy\/es\/index.php?rest_route=\/wp\/v2\/types\/post"}],"author":[{"embeddable":true,"href":"https:\/\/archive.sana.sy\/es\/index.php?rest_route=\/wp\/v2\/users\/24"}],"replies":[{"embeddable":true,"href":"https:\/\/archive.sana.sy\/es\/index.php?rest_route=%2Fwp%2Fv2%2Fcomments&post=22873"}],"version-history":[{"count":0,"href":"https:\/\/archive.sana.sy\/es\/index.php?rest_route=\/wp\/v2\/posts\/22873\/revisions"}],"wp:featuredmedia":[{"embeddable":true,"href":"https:\/\/archive.sana.sy\/es\/index.php?rest_route=\/wp\/v2\/media\/20054"}],"wp:attachment":[{"href":"https:\/\/archive.sana.sy\/es\/index.php?rest_route=%2Fwp%2Fv2%2Fmedia&parent=22873"}],"wp:term":[{"taxonomy":"category","embeddable":true,"href":"https:\/\/archive.sana.sy\/es\/index.php?rest_route=%2Fwp%2Fv2%2Fcategories&post=22873"},{"taxonomy":"post_tag","embeddable":true,"href":"https:\/\/archive.sana.sy\/es\/index.php?rest_route=%2Fwp%2Fv2%2Ftags&post=22873"}],"curies":[{"name":"wp","href":"https:\/\/api.w.org\/{rel}","templated":true}]}}