{"id":228738,"date":"2022-04-13T19:25:28","date_gmt":"2022-04-13T16:25:28","guid":{"rendered":"http:\/\/107.6.182.27\/es\/?p=228738"},"modified":"2023-01-10T16:34:40","modified_gmt":"2023-01-10T14:34:40","slug":"fuerzas-de-seguridad-rusas-capturan-un-terrorista-de-daesh-en-stavropol","status":"publish","type":"post","link":"https:\/\/archive.sana.sy\/es\/?p=228738","title":{"rendered":"Fuerzas de Seguridad rusas capturan a un terrorista de DAESH en St\u00e1vropol"},"content":{"rendered":"<p style=\"text-align: justify\"><span style=\"color: #800000\"><strong>Mosc\u00fa, 13 abr (SANA)<\/strong><\/span> Las fuerzas de seguridad rusas lograron frustrar un posible acto terrorista en la regi\u00f3n de St\u00e1vropol, en el sur de Rusia.<\/p>\n<p style=\"text-align: justify\">Citando al Servicio Federal de Seguridad de Rusia la agencia TASS destac\u00f3 que, instigado por elementos terroristas fuera de Rusia, el sujeto planificaba llevar a cabo un acto terrorista contra una instalaci\u00f3n de transporte en la referida regi\u00f3n.<\/p>\n<p style=\"text-align: justify\">Al terrorista se le confisc\u00f3 sustancias explosivas que se utilizan para la fabricaci\u00f3n de artefactos explosivos.<\/p>\n<p style=\"text-align: justify\">la<\/p>\n","protected":false},"excerpt":{"rendered":"<p>Mosc\u00fa, 13 abr (SANA) Las fuerzas de seguridad rusas lograron frustrar un posible acto terrorista en la regi\u00f3n de St\u00e1vropol, en el sur de Rusia. Citando al Servicio Federal de Seguridad de Rusia la agencia TASS destac\u00f3 que, instigado por elementos terroristas fuera de Rusia, el sujeto planificaba llevar a cabo un acto terrorista contra &hellip;<\/p>\n","protected":false},"author":24,"featured_media":228739,"comment_status":"closed","ping_status":"closed","sticky":false,"template":"","format":"standard","meta":{"footnotes":""},"categories":[447,597,456],"tags":[],"class_list":["post-228738","post","type-post","status-publish","format-standard","has-post-thumbnail","","category-local-politica","category-cinta-de-noticias","category-arabe-internacional-politica"],"_links":{"self":[{"href":"https:\/\/archive.sana.sy\/es\/index.php?rest_route=\/wp\/v2\/posts\/228738"}],"collection":[{"href":"https:\/\/archive.sana.sy\/es\/index.php?rest_route=\/wp\/v2\/posts"}],"about":[{"href":"https:\/\/archive.sana.sy\/es\/index.php?rest_route=\/wp\/v2\/types\/post"}],"author":[{"embeddable":true,"href":"https:\/\/archive.sana.sy\/es\/index.php?rest_route=\/wp\/v2\/users\/24"}],"replies":[{"embeddable":true,"href":"https:\/\/archive.sana.sy\/es\/index.php?rest_route=%2Fwp%2Fv2%2Fcomments&post=228738"}],"version-history":[{"count":0,"href":"https:\/\/archive.sana.sy\/es\/index.php?rest_route=\/wp\/v2\/posts\/228738\/revisions"}],"wp:featuredmedia":[{"embeddable":true,"href":"https:\/\/archive.sana.sy\/es\/index.php?rest_route=\/wp\/v2\/media\/228739"}],"wp:attachment":[{"href":"https:\/\/archive.sana.sy\/es\/index.php?rest_route=%2Fwp%2Fv2%2Fmedia&parent=228738"}],"wp:term":[{"taxonomy":"category","embeddable":true,"href":"https:\/\/archive.sana.sy\/es\/index.php?rest_route=%2Fwp%2Fv2%2Fcategories&post=228738"},{"taxonomy":"post_tag","embeddable":true,"href":"https:\/\/archive.sana.sy\/es\/index.php?rest_route=%2Fwp%2Fv2%2Ftags&post=228738"}],"curies":[{"name":"wp","href":"https:\/\/api.w.org\/{rel}","templated":true}]}}