{"id":228782,"date":"2022-04-14T09:58:17","date_gmt":"2022-04-14T06:58:17","guid":{"rendered":"http:\/\/107.6.182.27\/es\/?p=228782"},"modified":"2023-01-10T16:34:39","modified_gmt":"2023-01-10T14:34:39","slug":"minuto-a-minuto50-dias-de-la-operacion-especial-rusa-en-ucrania","status":"publish","type":"post","link":"https:\/\/archive.sana.sy\/es\/?p=228782","title":{"rendered":"Minuto a Minuto\u202650 d\u00edas de la operaci\u00f3n especial rusa en Ucrania"},"content":{"rendered":"<p style=\"text-align: justify;\"><span style=\"color: #800000;\"><strong>Mosc\u00fa, 14 abr (SANA) <\/strong><\/span><span style=\"color: #0000ff;\">????????<a style=\"color: #0000ff;\" href=\"http:\/\/www.sana.sy\/es\/?p=228763\">Rusia descarta posibilidad de intercambiar Medvedchuk por prisioneros de guerra ucranianos.<\/a><\/span><\/p>\n<p style=\"text-align: justify;\"><span style=\"color: #0000ff;\">????????<a style=\"color: #0000ff;\" href=\"http:\/\/www.sana.sy\/es\/?p=228755\">Rusia anuncia sanciones contra 398 miembros de la C\u00e1mara de Representantes de EE.UU.<\/a><\/span><\/p>\n<p style=\"text-align: justify;\"><span style=\"color: #0000ff;\">????????<a style=\"color: #0000ff;\" href=\"http:\/\/www.sana.sy\/es\/?p=228751\">Rusia anuncia liberaci\u00f3n del puerto comercial en Mari\u00fapol de los combatientes del batall\u00f3n neonazi Azov.<\/a><\/span><\/p>\n<p style=\"text-align: justify;\"><span style=\"color: #0000ff;\">????????<a style=\"color: #0000ff;\" href=\"http:\/\/www.sana.sy\/es\/?p=228744\">Mosc\u00fa: Kiev utiliza falsos pretextos para obstaculizar las negociaciones.<\/a><\/span><\/p>\n<p style=\"text-align: justify;\"><span style=\"color: #0000ff;\">????????<a style=\"color: #0000ff;\" href=\"http:\/\/www.sana.sy\/es\/\">Ministerio de Defensa ruso: Vemos intentos de sabotaje y ataques lanzados por tropas ucranianas contra objetos en el territorio de la Federaci\u00f3n Rusa.<\/a><\/span><\/p>\n<p style=\"text-align: justify;\"><span style=\"color: #0000ff;\">????????<a style=\"color: #0000ff;\" href=\"http:\/\/www.sana.sy\/es\/?p=228738\">Fuerzas de Seguridad rusas capturan a un terrorista de DAESH en St\u00e1vropol.<\/a><\/span><\/p>\n<h4 class=\"post-box-title\" style=\"text-align: justify;\"><span style=\"color: #0000ff;\"><a style=\"color: #0000ff;\" href=\"http:\/\/www.sana.sy\/es\/?p=228789\">???????? Occidente utiliza la crisis de Ucrania para convertir la OTAN en m\u00e1quina de guerra contra Rusia y China.<\/a><\/span><\/h4>\n<p style=\"text-align: justify;\"><span style=\"color: #0000ff;\"><a style=\"color: #0000ff;\" href=\"http:\/\/www.sana.sy\/es\/?p=228827\">????????Rusia entrega 30 toneladas de ayuda humanitaria en la regi\u00f3n ucraniana de J\u00e1rkov.<\/a><\/span><\/p>\n<p style=\"text-align: justify;\"><span style=\"color: #0000ff;\"><a style=\"color: #0000ff;\" href=\"http:\/\/www.sana.sy\/es\/?p=228800\">????????1.350 militares ucranianos, incluidos 190 oficiales, depusieron armas y se rindieron en Mari\u00fapol.<\/a><\/span><\/p>\n<p style=\"text-align: justify;\"><span style=\"color: #0000ff;\"><a style=\"color: #0000ff;\" href=\"http:\/\/www.sana.sy\/es\/?p=228800\">????????<\/a><\/span>Mosc\u00fa dispone de muchos documentos que confirman que Ucrania se estaba preparando para usar armas biol\u00f3gicas, afirma ministro de Exteriores de Rusia, Sergei Lavrov, ante la Conferencia sobre Relaciones Internacionales Digitales.<\/p>\n<p style=\"text-align: justify;\"><span style=\"color: #0000ff;\"><a style=\"color: #0000ff;\" href=\"http:\/\/www.sana.sy\/es\/?p=228800\">????????<\/a><\/span>Canciller\u00eda rusa: Los intentos de EEUU y sus aliados de reforzar su presencia militar en el espacio de la Comunidad de Estados Independientes son inaceptables, implican grandes riesgos.<\/p>\n<p style=\"text-align: justify;\">Ministerio de Defensa ruso: las fuerzas rusas apuntan a 48 instalaciones militares ucranianas, incluidos dos centros de comando.<\/p>\n<p style=\"text-align: justify;\">El vicepresidente del Consejo de Seguridad de Rusia, Dmitry Medvedev: Si Finlandia y Suecia se unen a la OTAN, Rusia fortalecer\u00e1 sus fronteras y tomar\u00e1 medidas militares en la regi\u00f3n del B\u00e1ltico.<\/p>\n<p>fm\/ed<\/p>\n<p>&nbsp;<\/p>\n<p>&nbsp;<\/p>\n<p>&nbsp;<\/p>\n","protected":false},"excerpt":{"rendered":"<p>Mosc\u00fa, 14 abr (SANA) ????????Rusia descarta posibilidad de intercambiar Medvedchuk por prisioneros de guerra ucranianos. ????????Rusia anuncia sanciones contra 398 miembros de la C\u00e1mara de Representantes de EE.UU. ????????Rusia anuncia liberaci\u00f3n del puerto comercial en Mari\u00fapol de los combatientes del batall\u00f3n neonazi Azov. ????????Mosc\u00fa: Kiev utiliza falsos pretextos para obstaculizar las negociaciones. ????????Ministerio de Defensa &hellip;<\/p>\n","protected":false},"author":35,"featured_media":228816,"comment_status":"closed","ping_status":"closed","sticky":false,"template":"","format":"standard","meta":{"footnotes":""},"categories":[597,456,457,583],"tags":[],"class_list":["post-228782","post","type-post","status-publish","format-standard","has-post-thumbnail","","category-cinta-de-noticias","category-arabe-internacional-politica","category-noticias-arabe-internacional-politica","category-slide"],"_links":{"self":[{"href":"https:\/\/archive.sana.sy\/es\/index.php?rest_route=\/wp\/v2\/posts\/228782"}],"collection":[{"href":"https:\/\/archive.sana.sy\/es\/index.php?rest_route=\/wp\/v2\/posts"}],"about":[{"href":"https:\/\/archive.sana.sy\/es\/index.php?rest_route=\/wp\/v2\/types\/post"}],"author":[{"embeddable":true,"href":"https:\/\/archive.sana.sy\/es\/index.php?rest_route=\/wp\/v2\/users\/35"}],"replies":[{"embeddable":true,"href":"https:\/\/archive.sana.sy\/es\/index.php?rest_route=%2Fwp%2Fv2%2Fcomments&post=228782"}],"version-history":[{"count":0,"href":"https:\/\/archive.sana.sy\/es\/index.php?rest_route=\/wp\/v2\/posts\/228782\/revisions"}],"wp:featuredmedia":[{"embeddable":true,"href":"https:\/\/archive.sana.sy\/es\/index.php?rest_route=\/wp\/v2\/media\/228816"}],"wp:attachment":[{"href":"https:\/\/archive.sana.sy\/es\/index.php?rest_route=%2Fwp%2Fv2%2Fmedia&parent=228782"}],"wp:term":[{"taxonomy":"category","embeddable":true,"href":"https:\/\/archive.sana.sy\/es\/index.php?rest_route=%2Fwp%2Fv2%2Fcategories&post=228782"},{"taxonomy":"post_tag","embeddable":true,"href":"https:\/\/archive.sana.sy\/es\/index.php?rest_route=%2Fwp%2Fv2%2Ftags&post=228782"}],"curies":[{"name":"wp","href":"https:\/\/api.w.org\/{rel}","templated":true}]}}