{"id":22896,"date":"2015-05-09T17:13:53","date_gmt":"2015-05-09T14:13:53","guid":{"rendered":"http:\/\/www.sana.sy\/es\/?p=22896"},"modified":"2015-05-09T17:17:33","modified_gmt":"2015-05-09T14:17:33","slug":"cinco-victimas-mortales-y-numerosos-heridos-en-un-nuevo-ataque-terrorista-contra-alepo","status":"publish","type":"post","link":"https:\/\/archive.sana.sy\/es\/?p=22896","title":{"rendered":"Cinco v\u00edctimas mortales y numerosos heridos en un nuevo ataque terrorista contra Alepo"},"content":{"rendered":"<p><span style=\"color: #800000\">Alepo, SANA<\/span><\/p>\n<p>Terroristas atacaron hoy el s\u00e1bado\u00a0la ciudad norte\u00f1a de Alepo, causando la muerte de cinco personas.<\/p>\n<p>Una fuente policial inform\u00f3 que un misil disparado por los terroristas que se atrincheran en el barrio de al-Mashhad, impact\u00f3 este jueves en varias casas del barrio de Salahuddin, dejando cinco v\u00edctimas mortales y numerosos heridos, adem\u00e1s de da\u00f1os materiales.<\/p>\n<p>La fuente agreg\u00f3 que el hospital universitario de la ciudad de Alepo recibi\u00f3 a 19 heridos en este ataque, \u00a0ni\u00f1os y mujeres\u00a0en su gran mayor\u00eda.<\/p>\n<p>Es de se\u00f1alar que la ciudad de Alepo hab\u00eda sido blanco el jueves de similares ataques terroristas, a consecuencia de los cuales tres personas perdieron la vida y otras nueve resultaron heridas.<\/p>\n<p>Lynn A., Fady M.<\/p>\n","protected":false},"excerpt":{"rendered":"<p>Alepo, SANA Terroristas atacaron hoy el s\u00e1bado\u00a0la ciudad norte\u00f1a de Alepo, causando la muerte de cinco personas. Una fuente policial inform\u00f3 que un misil disparado por los terroristas que se atrincheran en el barrio de al-Mashhad, impact\u00f3 este jueves en varias casas del barrio de Salahuddin, dejando cinco v\u00edctimas mortales y numerosos heridos, adem\u00e1s de &hellip;<\/p>\n","protected":false},"author":24,"featured_media":4177,"comment_status":"closed","ping_status":"closed","sticky":false,"template":"","format":"standard","meta":{"footnotes":""},"categories":[477,597,573,476],"tags":[],"class_list":["post-22896","post","type-post","status-publish","format-standard","has-post-thumbnail","","category-noticias-edulcorantes","category-cinta-de-noticias","category-la-realidad-de-los-acontecimientos-en-siria","category-locales"],"_links":{"self":[{"href":"https:\/\/archive.sana.sy\/es\/index.php?rest_route=\/wp\/v2\/posts\/22896"}],"collection":[{"href":"https:\/\/archive.sana.sy\/es\/index.php?rest_route=\/wp\/v2\/posts"}],"about":[{"href":"https:\/\/archive.sana.sy\/es\/index.php?rest_route=\/wp\/v2\/types\/post"}],"author":[{"embeddable":true,"href":"https:\/\/archive.sana.sy\/es\/index.php?rest_route=\/wp\/v2\/users\/24"}],"replies":[{"embeddable":true,"href":"https:\/\/archive.sana.sy\/es\/index.php?rest_route=%2Fwp%2Fv2%2Fcomments&post=22896"}],"version-history":[{"count":0,"href":"https:\/\/archive.sana.sy\/es\/index.php?rest_route=\/wp\/v2\/posts\/22896\/revisions"}],"wp:featuredmedia":[{"embeddable":true,"href":"https:\/\/archive.sana.sy\/es\/index.php?rest_route=\/wp\/v2\/media\/4177"}],"wp:attachment":[{"href":"https:\/\/archive.sana.sy\/es\/index.php?rest_route=%2Fwp%2Fv2%2Fmedia&parent=22896"}],"wp:term":[{"taxonomy":"category","embeddable":true,"href":"https:\/\/archive.sana.sy\/es\/index.php?rest_route=%2Fwp%2Fv2%2Fcategories&post=22896"},{"taxonomy":"post_tag","embeddable":true,"href":"https:\/\/archive.sana.sy\/es\/index.php?rest_route=%2Fwp%2Fv2%2Ftags&post=22896"}],"curies":[{"name":"wp","href":"https:\/\/api.w.org\/{rel}","templated":true}]}}