{"id":229113,"date":"2022-04-16T10:38:16","date_gmt":"2022-04-16T07:38:16","guid":{"rendered":"http:\/\/107.6.182.27\/es\/?p=229113"},"modified":"2023-01-10T16:34:32","modified_gmt":"2023-01-10T14:34:32","slug":"donetsk-preve-una-rendicion-masiva-del-ejercito-ucraniano","status":"publish","type":"post","link":"https:\/\/archive.sana.sy\/es\/?p=229113","title":{"rendered":"Donetsk prev\u00e9 una rendici\u00f3n masiva del ej\u00e9rcito ucraniano"},"content":{"rendered":"<p style=\"text-align: justify;\"><span style=\"color: #800000;\"><strong>Donetsk, 16 abr (SANA)\u00a0<\/strong><\/span> Las autoridades de la Rep\u00fablica Popular de Donetsk previeron una rendici\u00f3n masiva del ej\u00e9rcito ucraniano en medio de resportes sobre conflictos y enfrentamientos internos.<\/p>\n<p style=\"text-align: justify;\">&#8220;Hay pugnas internas y enfrentamientos entre las filas del ej\u00e9rcito ucraniano, algunos de los cuales quieren rendirse y deponer las armas, por un lado, y los militantes ultranacionalistas que se niegan a hacerlo, por el otro&#8221;, dijo Yan Gagen, asesor del Primer Ministro de la Rep\u00fablica citados por la agencia de noticias RIA Novosti.<\/p>\n<p style=\"text-align: justify;\">&#8220;El enemigo pronto se dar\u00e1 cuenta de que los nuevos intentos de resistencia son in\u00fatiles&#8221;, agreg\u00f3 Gagen.<\/p>\n<p style=\"text-align: justify;\">fm\/sm<\/p>\n","protected":false},"excerpt":{"rendered":"<p>Donetsk, 16 abr (SANA)\u00a0 Las autoridades de la Rep\u00fablica Popular de Donetsk previeron una rendici\u00f3n masiva del ej\u00e9rcito ucraniano en medio de resportes sobre conflictos y enfrentamientos internos. &#8220;Hay pugnas internas y enfrentamientos entre las filas del ej\u00e9rcito ucraniano, algunos de los cuales quieren rendirse y deponer las armas, por un lado, y los militantes &hellip;<\/p>\n","protected":false},"author":39,"featured_media":229114,"comment_status":"closed","ping_status":"closed","sticky":false,"template":"","format":"standard","meta":{"footnotes":""},"categories":[597,456,7541],"tags":[],"class_list":["post-229113","post","type-post","status-publish","format-standard","has-post-thumbnail","","category-cinta-de-noticias","category-arabe-internacional-politica","category-ultimas-noticias"],"_links":{"self":[{"href":"https:\/\/archive.sana.sy\/es\/index.php?rest_route=\/wp\/v2\/posts\/229113"}],"collection":[{"href":"https:\/\/archive.sana.sy\/es\/index.php?rest_route=\/wp\/v2\/posts"}],"about":[{"href":"https:\/\/archive.sana.sy\/es\/index.php?rest_route=\/wp\/v2\/types\/post"}],"author":[{"embeddable":true,"href":"https:\/\/archive.sana.sy\/es\/index.php?rest_route=\/wp\/v2\/users\/39"}],"replies":[{"embeddable":true,"href":"https:\/\/archive.sana.sy\/es\/index.php?rest_route=%2Fwp%2Fv2%2Fcomments&post=229113"}],"version-history":[{"count":0,"href":"https:\/\/archive.sana.sy\/es\/index.php?rest_route=\/wp\/v2\/posts\/229113\/revisions"}],"wp:featuredmedia":[{"embeddable":true,"href":"https:\/\/archive.sana.sy\/es\/index.php?rest_route=\/wp\/v2\/media\/229114"}],"wp:attachment":[{"href":"https:\/\/archive.sana.sy\/es\/index.php?rest_route=%2Fwp%2Fv2%2Fmedia&parent=229113"}],"wp:term":[{"taxonomy":"category","embeddable":true,"href":"https:\/\/archive.sana.sy\/es\/index.php?rest_route=%2Fwp%2Fv2%2Fcategories&post=229113"},{"taxonomy":"post_tag","embeddable":true,"href":"https:\/\/archive.sana.sy\/es\/index.php?rest_route=%2Fwp%2Fv2%2Ftags&post=229113"}],"curies":[{"name":"wp","href":"https:\/\/api.w.org\/{rel}","templated":true}]}}