{"id":229116,"date":"2022-04-16T10:47:56","date_gmt":"2022-04-16T07:47:56","guid":{"rendered":"http:\/\/107.6.182.27\/es\/?p=229116"},"modified":"2023-01-10T16:34:31","modified_gmt":"2023-01-10T14:34:31","slug":"minuto-a-minuto52-dias-de-la-operacion-especial-rusa-en-ucrania","status":"publish","type":"post","link":"https:\/\/archive.sana.sy\/es\/?p=229116","title":{"rendered":"Minuto a Minuto\u202652 d\u00edas de la operaci\u00f3n especial rusa en Ucrania"},"content":{"rendered":"<p style=\"text-align: justify;\"><span style=\"color: #800000;\"><strong>Mosc\u00fa, 16 abr (SANA)<\/strong><\/span><\/p>\n<ul>\n<li style=\"text-align: justify;\">Fuerzas rusas dirigen golpes a\u00e9reos a 16 instalaciones militares ucranianas, incluidos 11 sitios para concentrar armas y equipo de combate en varias ciudades de la provincia de Odessa, adem\u00e1s de destruir dos dep\u00f3sitos de armas de artiller\u00eda en la regi\u00f3n de Nikolaev<\/li>\n<li>Donetsk prev\u00e9 una rendici\u00f3n masiva del ej\u00e9rcito ucraniano<\/li>\n<li>Mosc\u00fa: ej\u00e9rcito ucraniano prepara ataque contra civiles para acusar a las fuerzas rusas<\/li>\n<li style=\"text-align: justify;\">Comandos brit\u00e1nicos reanudan formaci\u00f3n de militares ucranianos, afirma The Times<\/li>\n<li style=\"text-align: justify;\">Ej\u00e9rcito ucraniano establece posiciones de fuego en jardines infantiles y escuelas, afirma Mosc\u00fa<\/li>\n<\/ul>\n","protected":false},"excerpt":{"rendered":"<p>Mosc\u00fa, 16 abr (SANA) Fuerzas rusas dirigen golpes a\u00e9reos a 16 instalaciones militares ucranianas, incluidos 11 sitios para concentrar armas y equipo de combate en varias ciudades de la provincia de Odessa, adem\u00e1s de destruir dos dep\u00f3sitos de armas de artiller\u00eda en la regi\u00f3n de Nikolaev Donetsk prev\u00e9 una rendici\u00f3n masiva del ej\u00e9rcito ucraniano Mosc\u00fa: &hellip;<\/p>\n","protected":false},"author":39,"featured_media":229117,"comment_status":"closed","ping_status":"closed","sticky":false,"template":"","format":"standard","meta":{"footnotes":""},"categories":[597,456,583],"tags":[],"class_list":["post-229116","post","type-post","status-publish","format-standard","has-post-thumbnail","","category-cinta-de-noticias","category-arabe-internacional-politica","category-slide"],"_links":{"self":[{"href":"https:\/\/archive.sana.sy\/es\/index.php?rest_route=\/wp\/v2\/posts\/229116"}],"collection":[{"href":"https:\/\/archive.sana.sy\/es\/index.php?rest_route=\/wp\/v2\/posts"}],"about":[{"href":"https:\/\/archive.sana.sy\/es\/index.php?rest_route=\/wp\/v2\/types\/post"}],"author":[{"embeddable":true,"href":"https:\/\/archive.sana.sy\/es\/index.php?rest_route=\/wp\/v2\/users\/39"}],"replies":[{"embeddable":true,"href":"https:\/\/archive.sana.sy\/es\/index.php?rest_route=%2Fwp%2Fv2%2Fcomments&post=229116"}],"version-history":[{"count":0,"href":"https:\/\/archive.sana.sy\/es\/index.php?rest_route=\/wp\/v2\/posts\/229116\/revisions"}],"wp:featuredmedia":[{"embeddable":true,"href":"https:\/\/archive.sana.sy\/es\/index.php?rest_route=\/wp\/v2\/media\/229117"}],"wp:attachment":[{"href":"https:\/\/archive.sana.sy\/es\/index.php?rest_route=%2Fwp%2Fv2%2Fmedia&parent=229116"}],"wp:term":[{"taxonomy":"category","embeddable":true,"href":"https:\/\/archive.sana.sy\/es\/index.php?rest_route=%2Fwp%2Fv2%2Fcategories&post=229116"},{"taxonomy":"post_tag","embeddable":true,"href":"https:\/\/archive.sana.sy\/es\/index.php?rest_route=%2Fwp%2Fv2%2Ftags&post=229116"}],"curies":[{"name":"wp","href":"https:\/\/api.w.org\/{rel}","templated":true}]}}