{"id":229126,"date":"2022-04-16T11:24:11","date_gmt":"2022-04-16T08:24:11","guid":{"rendered":"http:\/\/107.6.182.27\/es\/?p=229126"},"modified":"2022-04-16T11:24:11","modified_gmt":"2022-04-16T08:24:11","slug":"milicia-proestadounidense-fds-continua-con-sus-practicas-criminales-en-la-ciudad-siria-de-raqa","status":"publish","type":"post","link":"https:\/\/archive.sana.sy\/es\/?p=229126","title":{"rendered":"Milicia proestadounidense \u201cFDS\u201d contin\u00faa con sus pr\u00e1cticas criminales en la ciudad siria de Raqa"},"content":{"rendered":"<p style=\"text-align: justify;\"><strong><span style=\"color: #800000;\">Raqa, 16 abr (SANA)\u00a0<\/span> \u00a0<\/strong>La milicia separatista \u201cFDS\u201d vinculada a la ocupaci\u00f3n estadounidense secuestr\u00f3 a varios j\u00f3venes en la ciudad de Raq para obligarlos a luchar en sus filas.<\/p>\n<p style=\"text-align: justify;\">Activistas locales informaron a SANA que grupos armados de la referida milicia establecieron nuevos puestos de control dentro de la ciudad y asaltaron varias localidades all\u00ed.<\/p>\n<p style=\"text-align: justify;\">Adem\u00e1s, secuestraron cuatro j\u00f3venes y los llev\u00f3 a uno de sus campamentos para reclutarlos en sus filas.<\/p>\n<p style=\"text-align: justify;\">En v\u00edspera, integrantes de la milicia \u201cFDS\u201d cerraron 26 tiendas en ciudad de Raqa, secuestraron a varios de sus empleados y se los llev\u00f3 a destinos desconocidos.<\/p>\n<p style=\"text-align: justify;\">sm<\/p>\n","protected":false},"excerpt":{"rendered":"<p>Raqa, 16 abr (SANA)\u00a0 \u00a0La milicia separatista \u201cFDS\u201d vinculada a la ocupaci\u00f3n estadounidense secuestr\u00f3 a varios j\u00f3venes en la ciudad de Raq para obligarlos a luchar en sus filas. Activistas locales informaron a SANA que grupos armados de la referida milicia establecieron nuevos puestos de control dentro de la ciudad y asaltaron varias localidades all\u00ed. &hellip;<\/p>\n","protected":false},"author":39,"featured_media":229127,"comment_status":"closed","ping_status":"closed","sticky":false,"template":"","format":"standard","meta":{"footnotes":""},"categories":[477,447,597,476,7541],"tags":[],"class_list":["post-229126","post","type-post","status-publish","format-standard","has-post-thumbnail","","category-noticias-edulcorantes","category-local-politica","category-cinta-de-noticias","category-locales","category-ultimas-noticias"],"_links":{"self":[{"href":"https:\/\/archive.sana.sy\/es\/index.php?rest_route=\/wp\/v2\/posts\/229126"}],"collection":[{"href":"https:\/\/archive.sana.sy\/es\/index.php?rest_route=\/wp\/v2\/posts"}],"about":[{"href":"https:\/\/archive.sana.sy\/es\/index.php?rest_route=\/wp\/v2\/types\/post"}],"author":[{"embeddable":true,"href":"https:\/\/archive.sana.sy\/es\/index.php?rest_route=\/wp\/v2\/users\/39"}],"replies":[{"embeddable":true,"href":"https:\/\/archive.sana.sy\/es\/index.php?rest_route=%2Fwp%2Fv2%2Fcomments&post=229126"}],"version-history":[{"count":0,"href":"https:\/\/archive.sana.sy\/es\/index.php?rest_route=\/wp\/v2\/posts\/229126\/revisions"}],"wp:featuredmedia":[{"embeddable":true,"href":"https:\/\/archive.sana.sy\/es\/index.php?rest_route=\/wp\/v2\/media\/229127"}],"wp:attachment":[{"href":"https:\/\/archive.sana.sy\/es\/index.php?rest_route=%2Fwp%2Fv2%2Fmedia&parent=229126"}],"wp:term":[{"taxonomy":"category","embeddable":true,"href":"https:\/\/archive.sana.sy\/es\/index.php?rest_route=%2Fwp%2Fv2%2Fcategories&post=229126"},{"taxonomy":"post_tag","embeddable":true,"href":"https:\/\/archive.sana.sy\/es\/index.php?rest_route=%2Fwp%2Fv2%2Ftags&post=229126"}],"curies":[{"name":"wp","href":"https:\/\/api.w.org\/{rel}","templated":true}]}}