{"id":229134,"date":"2022-04-16T12:37:19","date_gmt":"2022-04-16T09:37:19","guid":{"rendered":"http:\/\/107.6.182.27\/es\/?p=229134"},"modified":"2022-04-16T12:37:19","modified_gmt":"2022-04-16T09:37:19","slug":"cancilleria-rusa-la-inclusion-en-la-lista-negra-al-primer-ministro-britanico-y-a-los-ministros-de-relaciones-exteriores-y-defensa-y-prohibirles-ingresar-al-territorio-ruso","status":"publish","type":"post","link":"https:\/\/archive.sana.sy\/es\/?p=229134","title":{"rendered":"Canciller\u00eda rusa: la inclusi\u00f3n en la lista negra al Primer Ministro brit\u00e1nico y a los Ministros de Relaciones Exteriores y Defensa y prohibirles ingresar al territorio ruso"},"content":{"rendered":"","protected":false},"excerpt":{"rendered":"","protected":false},"author":39,"featured_media":0,"comment_status":"closed","ping_status":"closed","sticky":false,"template":"","format":"standard","meta":{"footnotes":""},"categories":[596],"tags":[],"class_list":["post-229134","post","type-post","status-publish","format-standard","","category-urgente"],"_links":{"self":[{"href":"https:\/\/archive.sana.sy\/es\/index.php?rest_route=\/wp\/v2\/posts\/229134"}],"collection":[{"href":"https:\/\/archive.sana.sy\/es\/index.php?rest_route=\/wp\/v2\/posts"}],"about":[{"href":"https:\/\/archive.sana.sy\/es\/index.php?rest_route=\/wp\/v2\/types\/post"}],"author":[{"embeddable":true,"href":"https:\/\/archive.sana.sy\/es\/index.php?rest_route=\/wp\/v2\/users\/39"}],"replies":[{"embeddable":true,"href":"https:\/\/archive.sana.sy\/es\/index.php?rest_route=%2Fwp%2Fv2%2Fcomments&post=229134"}],"version-history":[{"count":0,"href":"https:\/\/archive.sana.sy\/es\/index.php?rest_route=\/wp\/v2\/posts\/229134\/revisions"}],"wp:attachment":[{"href":"https:\/\/archive.sana.sy\/es\/index.php?rest_route=%2Fwp%2Fv2%2Fmedia&parent=229134"}],"wp:term":[{"taxonomy":"category","embeddable":true,"href":"https:\/\/archive.sana.sy\/es\/index.php?rest_route=%2Fwp%2Fv2%2Fcategories&post=229134"},{"taxonomy":"post_tag","embeddable":true,"href":"https:\/\/archive.sana.sy\/es\/index.php?rest_route=%2Fwp%2Fv2%2Ftags&post=229134"}],"curies":[{"name":"wp","href":"https:\/\/api.w.org\/{rel}","templated":true}]}}