{"id":22920,"date":"2015-05-09T17:14:46","date_gmt":"2015-05-09T14:14:46","guid":{"rendered":"http:\/\/www.sana.sy\/es\/?p=22920"},"modified":"2023-01-09T14:10:11","modified_gmt":"2023-01-09T12:10:11","slug":"un-recital-en-la-iglesia-de-um-alznnar-en-el-casco-antiguo-de-homs","status":"publish","type":"post","link":"https:\/\/archive.sana.sy\/es\/?p=22920","title":{"rendered":"Un recital en la iglesia de Um Alznnar en el casco antiguo de Homs"},"content":{"rendered":"<p><span style=\"color: #800000\">Homs, SANA<\/span><\/p>\n<p>Se realiz\u00f3 este s\u00e1bado un recital en el patio de la iglesia de Um Alznnar en la ciudad de Homs, con motivo del primer aniversario de la restauraci\u00f3n de la estabilidad en los barrios del casco antiguo de Homs.<\/p>\n<p>El evento que cont\u00f3 con la participaci\u00f3n de una muchedumbre de los habitantes de Homs, incluy\u00f3 un conjunto de canciones que abordan temas patri\u00f3ticos y humanitarios.<\/p>\n<p>Es de se\u00f1alar que la ciudad antigua de Homs hab\u00eda sido anunciada segura y libre de las organizaciones terroristas el 9 de mayo del a\u00f1o 2014, gracias a las heroicidades del ej\u00e9rcito sirio.<\/p>\n<p>El cintur\u00f3n y el icono de la Virgen Mar\u00eda fueron devueltos a la iglesia de Um Alznnar en el casco antiguo de Homs, el 15 de agosto pasado durante una ceremonia que hab\u00eda sido encabezada por la M\u00e1xima Autoridad de la Iglesia siriaca ortodoxa, Patriarca Ignatios Afram II.<\/p>\n<p>Lynn A.<\/p>\n","protected":false},"excerpt":{"rendered":"<p>Homs, SANA Se realiz\u00f3 este s\u00e1bado un recital en el patio de la iglesia de Um Alznnar en la ciudad de Homs, con motivo del primer aniversario de la restauraci\u00f3n de la estabilidad en los barrios del casco antiguo de Homs. El evento que cont\u00f3 con la participaci\u00f3n de una muchedumbre de los habitantes de &hellip;<\/p>\n","protected":false},"author":24,"featured_media":22921,"comment_status":"closed","ping_status":"closed","sticky":false,"template":"","format":"standard","meta":{"footnotes":""},"categories":[476],"tags":[5184],"class_list":["post-22920","post","type-post","status-publish","format-standard","has-post-thumbnail","","category-locales","tag-un-recital-en-la-iglesia-de-um-alznnar-en-el-casco-antiguo-de-homs"],"_links":{"self":[{"href":"https:\/\/archive.sana.sy\/es\/index.php?rest_route=\/wp\/v2\/posts\/22920"}],"collection":[{"href":"https:\/\/archive.sana.sy\/es\/index.php?rest_route=\/wp\/v2\/posts"}],"about":[{"href":"https:\/\/archive.sana.sy\/es\/index.php?rest_route=\/wp\/v2\/types\/post"}],"author":[{"embeddable":true,"href":"https:\/\/archive.sana.sy\/es\/index.php?rest_route=\/wp\/v2\/users\/24"}],"replies":[{"embeddable":true,"href":"https:\/\/archive.sana.sy\/es\/index.php?rest_route=%2Fwp%2Fv2%2Fcomments&post=22920"}],"version-history":[{"count":0,"href":"https:\/\/archive.sana.sy\/es\/index.php?rest_route=\/wp\/v2\/posts\/22920\/revisions"}],"wp:featuredmedia":[{"embeddable":true,"href":"https:\/\/archive.sana.sy\/es\/index.php?rest_route=\/wp\/v2\/media\/22921"}],"wp:attachment":[{"href":"https:\/\/archive.sana.sy\/es\/index.php?rest_route=%2Fwp%2Fv2%2Fmedia&parent=22920"}],"wp:term":[{"taxonomy":"category","embeddable":true,"href":"https:\/\/archive.sana.sy\/es\/index.php?rest_route=%2Fwp%2Fv2%2Fcategories&post=22920"},{"taxonomy":"post_tag","embeddable":true,"href":"https:\/\/archive.sana.sy\/es\/index.php?rest_route=%2Fwp%2Fv2%2Ftags&post=22920"}],"curies":[{"name":"wp","href":"https:\/\/api.w.org\/{rel}","templated":true}]}}