{"id":229294,"date":"2022-04-17T14:26:07","date_gmt":"2022-04-17T11:26:07","guid":{"rendered":"http:\/\/107.6.182.27\/es\/?p=229294"},"modified":"2023-01-10T14:18:45","modified_gmt":"2023-01-10T12:18:45","slug":"la-liberacion-es-inevitable-afirman-los-residentes-del-golan-sirio-ocupado","status":"publish","type":"post","link":"https:\/\/archive.sana.sy\/es\/?p=229294","title":{"rendered":"La liberaci\u00f3n es inevitable, afirman los residentes del Gol\u00e1n sirio ocupado"},"content":{"rendered":"<p style=\"text-align: justify;\"><span style=\"color: #800000;\"><strong>Gol\u00e1n ocupado, 17 abr (SANA)<\/strong><\/span> Los pobladores del Gol\u00e1n sirio ocupado conmemoraron hoy el 76\u00ba aniversario del D\u00eda de la Independencia en un acto celebrado en la plaza Sultan Pasha al-Atrash en el centro de la ciudad ocupada de Majdal Shams.<\/p>\n<p style=\"text-align: justify;\">Los presentes en la celebraci\u00f3n izaron la bandera nacional y pancartas con frases que glorifican la Independencia, adem\u00e1s de fotos de los l\u00edderes de la Revoluci\u00f3n siria contra la ocupaci\u00f3n francesa, y corearon consignas en apoyo del Ej\u00e9rcito \u00c1rabe Sirio en su guerra contra el terrorismo.<\/p>\n<p style=\"text-align: justify;\">Asimismo, destacaron el apego de la poblaci\u00f3n del Gol\u00e1n a su patria y su lucha hasta la liberaci\u00f3n y la expulsi\u00f3n del ocupante israel\u00ed.<\/p>\n<p style=\"text-align: justify;\">El jeque Hassan Shams pronunci\u00f3 un discurso en el que subray\u00f3 que el Gol\u00e1n era y seguir\u00e1 siendo \u00e1rabe y sirio, y sus hijos contin\u00faan luchando y siguiendo los pasos de los padres y abuelos que lograron la Independencia.<\/p>\n<p style=\"text-align: justify;\">\u201cLa evacuaci\u00f3n se completar\u00e1 con la liberaci\u00f3n de todo el suelo de Siria de la ocupaci\u00f3n, encabezada por el Gol\u00e1n \u00e1rabe sirio ocupado\u201d, manifest\u00f3.<\/p>\n<p style=\"text-align: justify;\">Destac\u00f3 que la poblaci\u00f3n del Gol\u00e1n es parte de Siria y conf\u00eda en que la liberaci\u00f3n llegar\u00e1 inevitablemente.<\/p>\n<p style=\"text-align: justify;\">159 sirios golaneses murieron en las batallas por la independencia contra la ocupaci\u00f3n francesa, adem\u00e1s de decenas de m\u00e1rtires frente a la ocupaci\u00f3n israel\u00ed.<\/p>\n<p style=\"text-align: justify;\">fm\/ed<\/p>\n<div id='gallery-1' class='gallery galleryid-229294 gallery-columns-1 gallery-size-full'><figure class='gallery-item'>\n\t\t\t<div class='gallery-icon landscape'>\n\t\t\t\t<a href='https:\/\/archive.sana.sy\/es\/wp-content\/uploads\/2022\/04\/photo_2022-04-17_12-21-37-scaled.jpg'><img loading=\"lazy\" decoding=\"async\" width=\"2560\" height=\"1601\" src=\"https:\/\/archive.sana.sy\/es\/wp-content\/uploads\/2022\/04\/photo_2022-04-17_12-21-37-scaled.jpg\" class=\"attachment-full size-full\" alt=\"\" srcset=\"https:\/\/archive.sana.sy\/es\/wp-content\/uploads\/2022\/04\/photo_2022-04-17_12-21-37-scaled.jpg 2560w, https:\/\/archive.sana.sy\/es\/wp-content\/uploads\/2022\/04\/photo_2022-04-17_12-21-37-300x188.jpg 300w, https:\/\/archive.sana.sy\/es\/wp-content\/uploads\/2022\/04\/photo_2022-04-17_12-21-37-1024x640.jpg 1024w, https:\/\/archive.sana.sy\/es\/wp-content\/uploads\/2022\/04\/photo_2022-04-17_12-21-37-150x94.jpg 150w, https:\/\/archive.sana.sy\/es\/wp-content\/uploads\/2022\/04\/photo_2022-04-17_12-21-37-768x480.jpg 768w, https:\/\/archive.sana.sy\/es\/wp-content\/uploads\/2022\/04\/photo_2022-04-17_12-21-37-1536x961.jpg 1536w, https:\/\/archive.sana.sy\/es\/wp-content\/uploads\/2022\/04\/photo_2022-04-17_12-21-37-2048x1281.jpg 2048w\" sizes=\"(max-width: 2560px) 100vw, 2560px\" \/><\/a>\n\t\t\t<\/div><\/figure><figure class='gallery-item'>\n\t\t\t<div class='gallery-icon landscape'>\n\t\t\t\t<a href='https:\/\/archive.sana.sy\/es\/wp-content\/uploads\/2022\/04\/photo_2022-04-17_12-21-38-scaled.jpg'><img loading=\"lazy\" decoding=\"async\" width=\"2560\" height=\"1561\" src=\"https:\/\/archive.sana.sy\/es\/wp-content\/uploads\/2022\/04\/photo_2022-04-17_12-21-38-scaled.jpg\" class=\"attachment-full size-full\" alt=\"\" srcset=\"https:\/\/archive.sana.sy\/es\/wp-content\/uploads\/2022\/04\/photo_2022-04-17_12-21-38-scaled.jpg 2560w, https:\/\/archive.sana.sy\/es\/wp-content\/uploads\/2022\/04\/photo_2022-04-17_12-21-38-300x183.jpg 300w, https:\/\/archive.sana.sy\/es\/wp-content\/uploads\/2022\/04\/photo_2022-04-17_12-21-38-1024x625.jpg 1024w, https:\/\/archive.sana.sy\/es\/wp-content\/uploads\/2022\/04\/photo_2022-04-17_12-21-38-150x91.jpg 150w, https:\/\/archive.sana.sy\/es\/wp-content\/uploads\/2022\/04\/photo_2022-04-17_12-21-38-768x468.jpg 768w, https:\/\/archive.sana.sy\/es\/wp-content\/uploads\/2022\/04\/photo_2022-04-17_12-21-38-1536x937.jpg 1536w, https:\/\/archive.sana.sy\/es\/wp-content\/uploads\/2022\/04\/photo_2022-04-17_12-21-38-2048x1249.jpg 2048w\" sizes=\"(max-width: 2560px) 100vw, 2560px\" \/><\/a>\n\t\t\t<\/div><\/figure><figure class='gallery-item'>\n\t\t\t<div class='gallery-icon landscape'>\n\t\t\t\t<a href='https:\/\/archive.sana.sy\/es\/wp-content\/uploads\/2022\/04\/photo_2022-04-17_12-21-38-2-scaled.jpg'><img loading=\"lazy\" decoding=\"async\" width=\"2560\" height=\"1496\" src=\"https:\/\/archive.sana.sy\/es\/wp-content\/uploads\/2022\/04\/photo_2022-04-17_12-21-38-2-scaled.jpg\" class=\"attachment-full size-full\" alt=\"\" srcset=\"https:\/\/archive.sana.sy\/es\/wp-content\/uploads\/2022\/04\/photo_2022-04-17_12-21-38-2-scaled.jpg 2560w, https:\/\/archive.sana.sy\/es\/wp-content\/uploads\/2022\/04\/photo_2022-04-17_12-21-38-2-300x175.jpg 300w, https:\/\/archive.sana.sy\/es\/wp-content\/uploads\/2022\/04\/photo_2022-04-17_12-21-38-2-1024x599.jpg 1024w, https:\/\/archive.sana.sy\/es\/wp-content\/uploads\/2022\/04\/photo_2022-04-17_12-21-38-2-150x88.jpg 150w, https:\/\/archive.sana.sy\/es\/wp-content\/uploads\/2022\/04\/photo_2022-04-17_12-21-38-2-768x449.jpg 768w, https:\/\/archive.sana.sy\/es\/wp-content\/uploads\/2022\/04\/photo_2022-04-17_12-21-38-2-1536x898.jpg 1536w, https:\/\/archive.sana.sy\/es\/wp-content\/uploads\/2022\/04\/photo_2022-04-17_12-21-38-2-2048x1197.jpg 2048w\" sizes=\"(max-width: 2560px) 100vw, 2560px\" \/><\/a>\n\t\t\t<\/div><\/figure>\n\t\t<\/div>\n\n","protected":false},"excerpt":{"rendered":"<p>Gol\u00e1n ocupado, 17 abr (SANA) Los pobladores del Gol\u00e1n sirio ocupado conmemoraron hoy el 76\u00ba aniversario del D\u00eda de la Independencia en un acto celebrado en la plaza Sultan Pasha al-Atrash en el centro de la ciudad ocupada de Majdal Shams. Los presentes en la celebraci\u00f3n izaron la bandera nacional y pancartas con frases que &hellip;<\/p>\n","protected":false},"author":32,"featured_media":229302,"comment_status":"closed","ping_status":"closed","sticky":false,"template":"","format":"standard","meta":{"footnotes":""},"categories":[447,477,597,476,457,583],"tags":[],"class_list":["post-229294","post","type-post","status-publish","format-standard","has-post-thumbnail","","category-local-politica","category-noticias-edulcorantes","category-cinta-de-noticias","category-locales","category-noticias-arabe-internacional-politica","category-slide"],"_links":{"self":[{"href":"https:\/\/archive.sana.sy\/es\/index.php?rest_route=\/wp\/v2\/posts\/229294"}],"collection":[{"href":"https:\/\/archive.sana.sy\/es\/index.php?rest_route=\/wp\/v2\/posts"}],"about":[{"href":"https:\/\/archive.sana.sy\/es\/index.php?rest_route=\/wp\/v2\/types\/post"}],"author":[{"embeddable":true,"href":"https:\/\/archive.sana.sy\/es\/index.php?rest_route=\/wp\/v2\/users\/32"}],"replies":[{"embeddable":true,"href":"https:\/\/archive.sana.sy\/es\/index.php?rest_route=%2Fwp%2Fv2%2Fcomments&post=229294"}],"version-history":[{"count":0,"href":"https:\/\/archive.sana.sy\/es\/index.php?rest_route=\/wp\/v2\/posts\/229294\/revisions"}],"wp:featuredmedia":[{"embeddable":true,"href":"https:\/\/archive.sana.sy\/es\/index.php?rest_route=\/wp\/v2\/media\/229302"}],"wp:attachment":[{"href":"https:\/\/archive.sana.sy\/es\/index.php?rest_route=%2Fwp%2Fv2%2Fmedia&parent=229294"}],"wp:term":[{"taxonomy":"category","embeddable":true,"href":"https:\/\/archive.sana.sy\/es\/index.php?rest_route=%2Fwp%2Fv2%2Fcategories&post=229294"},{"taxonomy":"post_tag","embeddable":true,"href":"https:\/\/archive.sana.sy\/es\/index.php?rest_route=%2Fwp%2Fv2%2Ftags&post=229294"}],"curies":[{"name":"wp","href":"https:\/\/api.w.org\/{rel}","templated":true}]}}