{"id":229324,"date":"2022-04-17T16:53:54","date_gmt":"2022-04-17T13:53:54","guid":{"rendered":"http:\/\/107.6.182.27\/es\/?p=229324"},"modified":"2023-01-10T14:18:44","modified_gmt":"2023-01-10T12:18:44","slug":"pobladores-sirios-expulsan-a-un-convoy-militar-de-eeuu-de-su-zona-2","status":"publish","type":"post","link":"https:\/\/archive.sana.sy\/es\/?p=229324","title":{"rendered":"Pobladores sirios expulsan a un convoy militar de EEUU de su zona"},"content":{"rendered":"<p style=\"text-align: justify;\"><strong><span style=\"color: #800000;\">Hasakeh, 17 abr (SANA)\u00a0<\/span> <\/strong>\u00a0Los residentes de la aldea de Tal Ahmed en el municipio de Qamishli, con el apoyo de un puesto de control del ej\u00e9rcito \u00e1rabe sirio, interceptaron una caravana militar de la ocupaci\u00f3n estadounidense\u00a0 que intentaba cruzar la aldea y la expuls\u00f3 de la zona.<\/p>\n<p style=\"text-align: justify;\">\u00a0Activistas locales comunicaron a SANA\u00a0 que la columna estaba conformada por cinco blindados estadounidenses acompa\u00f1ados por veh\u00edculo\u00a0 de la milicia separatista Fuerzas Democr\u00e1ticas de Siria (FDS), e intent\u00f3 pasar por la aldea.<\/p>\n<p style=\"text-align: justify;\">Los lugare\u00f1os de la referida aldea \u00a0\u00a0arrojaron piedras al convoy y rompieron \u00a0los vidrios del veh\u00edculo\u00a0 de los integrantes , oblig\u00e1ndolos a retroceder y expuls\u00e1ndolos de la zona.<\/p>\n<p style=\"text-align: justify;\">\u00a0El mi\u00e9rcoles pasado, los residentes de la aldea de Al-Qusayr en el municipio Al-Qamishli en el norte de Al-Hasakeh impidieron que un convoy de cuatro veh\u00edculos militares de las fuerzas de ocupaci\u00f3n estadounidenses que pasaba la aldea hacia la carretera internacional M4 y lo expulsaron del \u00e1rea.<\/p>\n<p style=\"text-align: justify;\">ed\/fm<\/p>\n","protected":false},"excerpt":{"rendered":"<p>Hasakeh, 17 abr (SANA)\u00a0 \u00a0Los residentes de la aldea de Tal Ahmed en el municipio de Qamishli, con el apoyo de un puesto de control del ej\u00e9rcito \u00e1rabe sirio, interceptaron una caravana militar de la ocupaci\u00f3n estadounidense\u00a0 que intentaba cruzar la aldea y la expuls\u00f3 de la zona. \u00a0Activistas locales comunicaron a SANA\u00a0 que la &hellip;<\/p>\n","protected":false},"author":32,"featured_media":229325,"comment_status":"closed","ping_status":"closed","sticky":false,"template":"","format":"standard","meta":{"footnotes":""},"categories":[447,477,597,476,457,7541],"tags":[],"class_list":["post-229324","post","type-post","status-publish","format-standard","has-post-thumbnail","","category-local-politica","category-noticias-edulcorantes","category-cinta-de-noticias","category-locales","category-noticias-arabe-internacional-politica","category-ultimas-noticias"],"_links":{"self":[{"href":"https:\/\/archive.sana.sy\/es\/index.php?rest_route=\/wp\/v2\/posts\/229324"}],"collection":[{"href":"https:\/\/archive.sana.sy\/es\/index.php?rest_route=\/wp\/v2\/posts"}],"about":[{"href":"https:\/\/archive.sana.sy\/es\/index.php?rest_route=\/wp\/v2\/types\/post"}],"author":[{"embeddable":true,"href":"https:\/\/archive.sana.sy\/es\/index.php?rest_route=\/wp\/v2\/users\/32"}],"replies":[{"embeddable":true,"href":"https:\/\/archive.sana.sy\/es\/index.php?rest_route=%2Fwp%2Fv2%2Fcomments&post=229324"}],"version-history":[{"count":0,"href":"https:\/\/archive.sana.sy\/es\/index.php?rest_route=\/wp\/v2\/posts\/229324\/revisions"}],"wp:featuredmedia":[{"embeddable":true,"href":"https:\/\/archive.sana.sy\/es\/index.php?rest_route=\/wp\/v2\/media\/229325"}],"wp:attachment":[{"href":"https:\/\/archive.sana.sy\/es\/index.php?rest_route=%2Fwp%2Fv2%2Fmedia&parent=229324"}],"wp:term":[{"taxonomy":"category","embeddable":true,"href":"https:\/\/archive.sana.sy\/es\/index.php?rest_route=%2Fwp%2Fv2%2Fcategories&post=229324"},{"taxonomy":"post_tag","embeddable":true,"href":"https:\/\/archive.sana.sy\/es\/index.php?rest_route=%2Fwp%2Fv2%2Ftags&post=229324"}],"curies":[{"name":"wp","href":"https:\/\/api.w.org\/{rel}","templated":true}]}}