{"id":229383,"date":"2022-04-18T10:20:13","date_gmt":"2022-04-18T07:20:13","guid":{"rendered":"http:\/\/107.6.182.27\/es\/?p=229383"},"modified":"2023-01-10T16:34:27","modified_gmt":"2023-01-10T14:34:27","slug":"serbia-tacha-de-inmorales-a-sanciones-occidentales-contra-rusia","status":"publish","type":"post","link":"https:\/\/archive.sana.sy\/es\/?p=229383","title":{"rendered":"Serbia tacha de inmorales a sanciones occidentales contra Rusia"},"content":{"rendered":"<p style=\"text-align: justify;\"><strong>Belgrado, 18 abr (SANA)<\/strong>\u00a0 El presidente serbio, Aleksandar Vu\u010di\u0107, expres\u00f3 su oposici\u00f3n a las sanciones impuestas contra Rusia y las consider\u00f3 acciones inmorales y sin sentido.<\/p>\n<p style=\"text-align: justify;\">&#8220;Belgrado no dar\u00e1 este paso contraproducente ya que Mosc\u00fa siempre ha estado a nuestro lado y nos ha prestado su apoyo especialmente en la cuesti\u00f3n de la integridad de nuestra tierra&#8221;, seg\u00fan declar\u00f3 Vu\u010di\u0107.<\/p>\n<p style=\"text-align: justify;\">El mandatario serbio lament\u00f3 los \u00faltimos acontecimientos entre Rusia y Ucrania.<\/p>\n<p style=\"text-align: justify;\"><strong><em>ws\/fm<\/em><\/strong><\/p>\n","protected":false},"excerpt":{"rendered":"<p>Belgrado, 18 abr (SANA)\u00a0 El presidente serbio, Aleksandar Vu\u010di\u0107, expres\u00f3 su oposici\u00f3n a las sanciones impuestas contra Rusia y las consider\u00f3 acciones inmorales y sin sentido. &#8220;Belgrado no dar\u00e1 este paso contraproducente ya que Mosc\u00fa siempre ha estado a nuestro lado y nos ha prestado su apoyo especialmente en la cuesti\u00f3n de la integridad de &hellip;<\/p>\n","protected":false},"author":35,"featured_media":229384,"comment_status":"closed","ping_status":"closed","sticky":false,"template":"","format":"standard","meta":{"footnotes":""},"categories":[597,456,457,7541],"tags":[],"class_list":["post-229383","post","type-post","status-publish","format-standard","has-post-thumbnail","","category-cinta-de-noticias","category-arabe-internacional-politica","category-noticias-arabe-internacional-politica","category-ultimas-noticias"],"_links":{"self":[{"href":"https:\/\/archive.sana.sy\/es\/index.php?rest_route=\/wp\/v2\/posts\/229383"}],"collection":[{"href":"https:\/\/archive.sana.sy\/es\/index.php?rest_route=\/wp\/v2\/posts"}],"about":[{"href":"https:\/\/archive.sana.sy\/es\/index.php?rest_route=\/wp\/v2\/types\/post"}],"author":[{"embeddable":true,"href":"https:\/\/archive.sana.sy\/es\/index.php?rest_route=\/wp\/v2\/users\/35"}],"replies":[{"embeddable":true,"href":"https:\/\/archive.sana.sy\/es\/index.php?rest_route=%2Fwp%2Fv2%2Fcomments&post=229383"}],"version-history":[{"count":0,"href":"https:\/\/archive.sana.sy\/es\/index.php?rest_route=\/wp\/v2\/posts\/229383\/revisions"}],"wp:featuredmedia":[{"embeddable":true,"href":"https:\/\/archive.sana.sy\/es\/index.php?rest_route=\/wp\/v2\/media\/229384"}],"wp:attachment":[{"href":"https:\/\/archive.sana.sy\/es\/index.php?rest_route=%2Fwp%2Fv2%2Fmedia&parent=229383"}],"wp:term":[{"taxonomy":"category","embeddable":true,"href":"https:\/\/archive.sana.sy\/es\/index.php?rest_route=%2Fwp%2Fv2%2Fcategories&post=229383"},{"taxonomy":"post_tag","embeddable":true,"href":"https:\/\/archive.sana.sy\/es\/index.php?rest_route=%2Fwp%2Fv2%2Ftags&post=229383"}],"curies":[{"name":"wp","href":"https:\/\/api.w.org\/{rel}","templated":true}]}}