{"id":229386,"date":"2022-04-18T10:53:51","date_gmt":"2022-04-18T07:53:51","guid":{"rendered":"http:\/\/107.6.182.27\/es\/?p=229386"},"modified":"2022-04-18T10:53:51","modified_gmt":"2022-04-18T07:53:51","slug":"conmemoran-en-la-habana-76-aniversario-de-la-independencia-de-siria","status":"publish","type":"post","link":"https:\/\/archive.sana.sy\/es\/?p=229386","title":{"rendered":"Conmemoran en La Habana 76 aniversario de la Independencia de Siria"},"content":{"rendered":"<p style=\"text-align: justify;\"><strong>La Habana, 18 abr (SANA)<\/strong>\u00a0 La Embajada de Siria en Cuba, en cooperaci\u00f3n con la filial de la Uni\u00f3n Nacional de Estudiantes Sirios, organiz\u00f3 una celebraci\u00f3n con motivo del 76 aniversario del D\u00eda de la Independencia.<\/p>\n<p style=\"text-align: justify;\">El encargado de negocios de Damasco, Al\u00ed Abass, dijo que &#8220;Siria, tal como gan\u00f3 la batalla de la independencia, lograr\u00e1 la victoria en la batalla del terrorismo&#8221;.<\/p>\n<p style=\"text-align: justify;\">El diplom\u00e1tico record\u00f3 que su pa\u00eds enfrenta una guerra contra el terrorismo hace 11 a\u00f1os, la cual calific\u00f3 de feroz e injusta, que tiene como objetivo destruir al Estado sirio y \u2013dijo- \u201csocavar la unidad y la dignidad de nuestro pueblo\u201d.<\/p>\n<p style=\"text-align: justify;\">\u201cLa firmeza de nuestro pueblo y su empe\u00f1o en vivir con dignidad confirma en este d\u00eda que se avecina el fruto de la independencia, y despeja la oscura nube que pretend\u00eda devolver a Siria a la odiada era del colonialismo\u201d, enfatiz\u00f3 Abass.<\/p>\n<p style=\"text-align: justify;\">Por su parte, los estudiantes y miembros de la comunidad siria en Cuba reiteraron su apoyo a su pa\u00eds para enfrentar el complot y expresaron su confianza en que Damasco saldr\u00e1 victoriosa de esta guerra terrorista que le fue impuesta.<\/p>\n<p style=\"text-align: justify;\">A su vez, el periodista cubano Miguel Fern\u00e1ndez Mart\u00ednez, quien particip\u00f3 en la celebraci\u00f3n, resalt\u00f3 que Siria es un ejemplo de firmeza y de defensa de la soberan\u00eda y la identidad, y destac\u00f3 las relaciones hist\u00f3ricas y fraternales entre Siria y Cuba.<\/p>\n<p style=\"text-align: justify;\"><em><strong>fm\/ws<\/strong><\/em><\/p>\n","protected":false},"excerpt":{"rendered":"<p>La Habana, 18 abr (SANA)\u00a0 La Embajada de Siria en Cuba, en cooperaci\u00f3n con la filial de la Uni\u00f3n Nacional de Estudiantes Sirios, organiz\u00f3 una celebraci\u00f3n con motivo del 76 aniversario del D\u00eda de la Independencia. El encargado de negocios de Damasco, Al\u00ed Abass, dijo que &#8220;Siria, tal como gan\u00f3 la batalla de la independencia, &hellip;<\/p>\n","protected":false},"author":35,"featured_media":229388,"comment_status":"closed","ping_status":"closed","sticky":false,"template":"","format":"standard","meta":{"footnotes":""},"categories":[597,457,467,583],"tags":[],"class_list":["post-229386","post","type-post","status-publish","format-standard","has-post-thumbnail","","category-cinta-de-noticias","category-noticias-arabe-internacional-politica","category-siria-y-el-mundo","category-slide"],"_links":{"self":[{"href":"https:\/\/archive.sana.sy\/es\/index.php?rest_route=\/wp\/v2\/posts\/229386"}],"collection":[{"href":"https:\/\/archive.sana.sy\/es\/index.php?rest_route=\/wp\/v2\/posts"}],"about":[{"href":"https:\/\/archive.sana.sy\/es\/index.php?rest_route=\/wp\/v2\/types\/post"}],"author":[{"embeddable":true,"href":"https:\/\/archive.sana.sy\/es\/index.php?rest_route=\/wp\/v2\/users\/35"}],"replies":[{"embeddable":true,"href":"https:\/\/archive.sana.sy\/es\/index.php?rest_route=%2Fwp%2Fv2%2Fcomments&post=229386"}],"version-history":[{"count":0,"href":"https:\/\/archive.sana.sy\/es\/index.php?rest_route=\/wp\/v2\/posts\/229386\/revisions"}],"wp:featuredmedia":[{"embeddable":true,"href":"https:\/\/archive.sana.sy\/es\/index.php?rest_route=\/wp\/v2\/media\/229388"}],"wp:attachment":[{"href":"https:\/\/archive.sana.sy\/es\/index.php?rest_route=%2Fwp%2Fv2%2Fmedia&parent=229386"}],"wp:term":[{"taxonomy":"category","embeddable":true,"href":"https:\/\/archive.sana.sy\/es\/index.php?rest_route=%2Fwp%2Fv2%2Fcategories&post=229386"},{"taxonomy":"post_tag","embeddable":true,"href":"https:\/\/archive.sana.sy\/es\/index.php?rest_route=%2Fwp%2Fv2%2Ftags&post=229386"}],"curies":[{"name":"wp","href":"https:\/\/api.w.org\/{rel}","templated":true}]}}