{"id":229453,"date":"2022-04-18T16:42:30","date_gmt":"2022-04-18T13:42:30","guid":{"rendered":"http:\/\/107.6.182.27\/es\/?p=229453"},"modified":"2022-04-18T16:42:30","modified_gmt":"2022-04-18T13:42:30","slug":"iran-reitera-necesidad-de-alcanzar-solucion-a-la-crisis-en-siria-que-garantiza-su-soberania-e-integridad-territorial","status":"publish","type":"post","link":"https:\/\/archive.sana.sy\/es\/?p=229453","title":{"rendered":"Ir\u00e1n reitera necesidad de alcanzar soluci\u00f3n a la crisis en Siria que garantiza su soberan\u00eda e integridad territorial"},"content":{"rendered":"<p style=\"text-align: justify;\"><span style=\"color: #000000;\"><strong>Teher\u00e1n, 18 abr (SANA) <\/strong><\/span>Ir\u00e1n reiter\u00f3 la necesidad de resolver la crisis en Siria de una forme que garantice su soberan\u00eda, independencia e integridad territorial.<\/p>\n<p style=\"text-align: justify;\">&#8220;Ir\u00e1n ratifica el respeto por la soberan\u00eda y la integridad territorial de los estados y siempre ha enfatizado en las reuniones de Astana el respeto por la soberan\u00eda y la unidad del territorio sirio en base de las leyes y estipulaciones internacionales&#8221;, dijo el portavoz de la Canciller\u00eda, Said Khatibzadeh, en una conferencia de prensa.<\/p>\n<p style=\"text-align: justify;\">Con respecto al acuerdo nuclear, el portavoz se\u00f1al\u00f3 que no habr\u00e1 acuerdo en Viena a menos que sean acordados todos los temas pendientes.<\/p>\n<p style=\"text-align: justify;\"><em><strong>ah\/rsh<\/strong><\/em><\/p>\n","protected":false},"excerpt":{"rendered":"<p>Teher\u00e1n, 18 abr (SANA) Ir\u00e1n reiter\u00f3 la necesidad de resolver la crisis en Siria de una forme que garantice su soberan\u00eda, independencia e integridad territorial. &#8220;Ir\u00e1n ratifica el respeto por la soberan\u00eda y la integridad territorial de los estados y siempre ha enfatizado en las reuniones de Astana el respeto por la soberan\u00eda y la &hellip;<\/p>\n","protected":false},"author":30,"featured_media":229454,"comment_status":"closed","ping_status":"closed","sticky":false,"template":"","format":"standard","meta":{"footnotes":""},"categories":[447,597,457,467,7541],"tags":[],"class_list":["post-229453","post","type-post","status-publish","format-standard","has-post-thumbnail","","category-local-politica","category-cinta-de-noticias","category-noticias-arabe-internacional-politica","category-siria-y-el-mundo","category-ultimas-noticias"],"_links":{"self":[{"href":"https:\/\/archive.sana.sy\/es\/index.php?rest_route=\/wp\/v2\/posts\/229453"}],"collection":[{"href":"https:\/\/archive.sana.sy\/es\/index.php?rest_route=\/wp\/v2\/posts"}],"about":[{"href":"https:\/\/archive.sana.sy\/es\/index.php?rest_route=\/wp\/v2\/types\/post"}],"author":[{"embeddable":true,"href":"https:\/\/archive.sana.sy\/es\/index.php?rest_route=\/wp\/v2\/users\/30"}],"replies":[{"embeddable":true,"href":"https:\/\/archive.sana.sy\/es\/index.php?rest_route=%2Fwp%2Fv2%2Fcomments&post=229453"}],"version-history":[{"count":0,"href":"https:\/\/archive.sana.sy\/es\/index.php?rest_route=\/wp\/v2\/posts\/229453\/revisions"}],"wp:featuredmedia":[{"embeddable":true,"href":"https:\/\/archive.sana.sy\/es\/index.php?rest_route=\/wp\/v2\/media\/229454"}],"wp:attachment":[{"href":"https:\/\/archive.sana.sy\/es\/index.php?rest_route=%2Fwp%2Fv2%2Fmedia&parent=229453"}],"wp:term":[{"taxonomy":"category","embeddable":true,"href":"https:\/\/archive.sana.sy\/es\/index.php?rest_route=%2Fwp%2Fv2%2Fcategories&post=229453"},{"taxonomy":"post_tag","embeddable":true,"href":"https:\/\/archive.sana.sy\/es\/index.php?rest_route=%2Fwp%2Fv2%2Ftags&post=229453"}],"curies":[{"name":"wp","href":"https:\/\/api.w.org\/{rel}","templated":true}]}}