{"id":22946,"date":"2015-05-09T22:36:49","date_gmt":"2015-05-09T19:36:49","guid":{"rendered":"http:\/\/sana.sy\/es\/?p=22946"},"modified":"2023-01-10T15:17:21","modified_gmt":"2023-01-10T13:17:21","slug":"el-ministro-de-economia-pide-firmeza-en-la-proteccion-de-los-productos-locales","status":"publish","type":"post","link":"https:\/\/archive.sana.sy\/es\/?p=22946","title":{"rendered":"El ministro de Econom\u00eda, pide firmeza en la protecci\u00f3n de los productos locales"},"content":{"rendered":"<p><span style=\"color: #0000ff\">Latakia-SANA<\/span><\/p>\n<p style=\"text-align: justify\">El ministro de Econom\u00eda y Comercio Exterior, Humam al-Jazaeri, dijo que las dos zonas de comercio libre en Latakia, una de las cuales esta en tierra firme y la otra es portuaria, se convertir\u00e1n en \u00e1reas para las industrias de procesamiento, textiles, qu\u00edmicas y farmac\u00e9uticas.<\/p>\n<p style=\"text-align: justify\">En una reuni\u00f3n celebrada en Latakia el s\u00e1bado, al-Jazaeri dijo que el \u00e9nfasis se encuentra actualmente en la protecci\u00f3n de los productos locales, haciendo hincapi\u00e9 en la necesidad de comercializar los productos locales a precios adecuados y evitar los productos importados que puedan perjudicar a los agricultores.<\/p>\n<p style=\"text-align: justify\">El ministro agreg\u00f3 que el gobierno se est\u00e1 centrando en los productos l\u00e1cteos, y se\u00f1al\u00f3 que la costa siria es un \u00e1rea prometedora para este tipo de industria.<\/p>\n<p style=\"text-align: justify\">Los empresarios que asistieron a la reuni\u00f3n convocada para la mejora de la comercializaci\u00f3n en el extranjero y la reducci\u00f3n de las costumbres de los materiales importados para limitar el contrabando sin supervisi\u00f3n.<\/p>\n<p style=\"text-align: justify\">El Ministro tambi\u00e9n se reuni\u00f3 con el comit\u00e9 econ\u00f3mico de la Gobernaci\u00f3n y los funcionarios econ\u00f3micos de la provincia para discutir el estado de las dos comercio libre\u00a0y las zonas industriales.<\/p>\n<p><span style=\"color: #800000\">M.Miri, Riad.Sh<\/span><\/p>\n","protected":false},"excerpt":{"rendered":"<p>Latakia-SANA El ministro de Econom\u00eda y Comercio Exterior, Humam al-Jazaeri, dijo que las dos zonas de comercio libre en Latakia, una de las cuales esta en tierra firme y la otra es portuaria, se convertir\u00e1n en \u00e1reas para las industrias de procesamiento, textiles, qu\u00edmicas y farmac\u00e9uticas. En una reuni\u00f3n celebrada en Latakia el s\u00e1bado, al-Jazaeri &hellip;<\/p>\n","protected":false},"author":1,"featured_media":22947,"comment_status":"closed","ping_status":"closed","sticky":false,"template":"","format":"standard","meta":{"footnotes":""},"categories":[477,485,476],"tags":[5188,5189],"class_list":["post-22946","post","type-post","status-publish","format-standard","has-post-thumbnail","","category-noticias-edulcorantes","category-informes-negocios-y-finanzas","category-locales","tag-el-ministro-de-economia","tag-pide-firmeza-en-la-proteccion-de-los-productos-locales"],"_links":{"self":[{"href":"https:\/\/archive.sana.sy\/es\/index.php?rest_route=\/wp\/v2\/posts\/22946"}],"collection":[{"href":"https:\/\/archive.sana.sy\/es\/index.php?rest_route=\/wp\/v2\/posts"}],"about":[{"href":"https:\/\/archive.sana.sy\/es\/index.php?rest_route=\/wp\/v2\/types\/post"}],"author":[{"embeddable":true,"href":"https:\/\/archive.sana.sy\/es\/index.php?rest_route=\/wp\/v2\/users\/1"}],"replies":[{"embeddable":true,"href":"https:\/\/archive.sana.sy\/es\/index.php?rest_route=%2Fwp%2Fv2%2Fcomments&post=22946"}],"version-history":[{"count":0,"href":"https:\/\/archive.sana.sy\/es\/index.php?rest_route=\/wp\/v2\/posts\/22946\/revisions"}],"wp:featuredmedia":[{"embeddable":true,"href":"https:\/\/archive.sana.sy\/es\/index.php?rest_route=\/wp\/v2\/media\/22947"}],"wp:attachment":[{"href":"https:\/\/archive.sana.sy\/es\/index.php?rest_route=%2Fwp%2Fv2%2Fmedia&parent=22946"}],"wp:term":[{"taxonomy":"category","embeddable":true,"href":"https:\/\/archive.sana.sy\/es\/index.php?rest_route=%2Fwp%2Fv2%2Fcategories&post=22946"},{"taxonomy":"post_tag","embeddable":true,"href":"https:\/\/archive.sana.sy\/es\/index.php?rest_route=%2Fwp%2Fv2%2Ftags&post=22946"}],"curies":[{"name":"wp","href":"https:\/\/api.w.org\/{rel}","templated":true}]}}