{"id":229487,"date":"2022-04-18T18:27:43","date_gmt":"2022-04-18T15:27:43","guid":{"rendered":"http:\/\/107.6.182.27\/es\/?p=229487"},"modified":"2023-01-10T16:34:24","modified_gmt":"2023-01-10T14:34:24","slug":"26-anos-despues-recordando-la-masacre-israeli-de-qana","status":"publish","type":"post","link":"https:\/\/archive.sana.sy\/es\/?p=229487","title":{"rendered":"26 a\u00f1os despu\u00e9s\u2026 recordando la masacre israel\u00ed de Qana"},"content":{"rendered":"<p style=\"text-align: justify;\"><strong>Damasco, 18 abr (SANA) <\/strong>Innumerables cr\u00edmenes trazan los rasgos de la ocupaci\u00f3n y las agresiones israel\u00edes frecuentes que llevan ya d\u00e9cadas tanto en Palestina como en L\u00edbano y Siria, entre otros. Un ejemplo flagrante lo fue la masacre de Qana en L\u00edbano cometida el 18 de abril de 1996.<\/p>\n<p style=\"text-align: justify;\">Este aniversario coincide con una escalada criminal contra el pueblo palestino a manos del mismo agresor cuya masacre hace 26 a\u00f1os en L\u00edbano dej\u00f3 250 m\u00e1rtires y heridos, en su mayor\u00eda ni\u00f1os.<\/p>\n<p style=\"text-align: justify;\">Aquel horrendo crimen s\u00f3lo mereci\u00f3 reacciones internacionales tenues y vergonzosas, e incluso EEUU se apresur\u00f3 a encubrir el crimen de su aliado &#8220;Israel&#8221; responsabilizando a las v\u00edctimas por haberse negado a abandonar sus poblados no obstante las amenazas de las autoridades de ocupaci\u00f3n israel\u00edes.<\/p>\n<p style=\"text-align: justify;\">La masacre de Qana forma parte de una larga serie de matanzas como Sabra y Chatila, Bint Gbeil, Deir Yassin, Qibya, Jan Younis, Jerusal\u00e9n\u2026 asimismo la cadena de la criminalidad contin\u00faa contra el pueblo palestino que es v\u00edctima de brutalidades, asesinatos y desplazamiento ante la ceguera de Washington y las potencias arrogantes que se posicionan a favor de &#8220;Israel&#8221; envalenton\u00e1ndolo cada vez m\u00e1s.<\/p>\n<p style=\"text-align: justify;\"><em><strong>rsh\/ah<\/strong><\/em><\/p>\n","protected":false},"excerpt":{"rendered":"<p>Damasco, 18 abr (SANA) Innumerables cr\u00edmenes trazan los rasgos de la ocupaci\u00f3n y las agresiones israel\u00edes frecuentes que llevan ya d\u00e9cadas tanto en Palestina como en L\u00edbano y Siria, entre otros. Un ejemplo flagrante lo fue la masacre de Qana en L\u00edbano cometida el 18 de abril de 1996. Este aniversario coincide con una escalada &hellip;<\/p>\n","protected":false},"author":30,"featured_media":229488,"comment_status":"closed","ping_status":"closed","sticky":false,"template":"","format":"standard","meta":{"footnotes":""},"categories":[597,456],"tags":[],"class_list":["post-229487","post","type-post","status-publish","format-standard","has-post-thumbnail","","category-cinta-de-noticias","category-arabe-internacional-politica"],"_links":{"self":[{"href":"https:\/\/archive.sana.sy\/es\/index.php?rest_route=\/wp\/v2\/posts\/229487"}],"collection":[{"href":"https:\/\/archive.sana.sy\/es\/index.php?rest_route=\/wp\/v2\/posts"}],"about":[{"href":"https:\/\/archive.sana.sy\/es\/index.php?rest_route=\/wp\/v2\/types\/post"}],"author":[{"embeddable":true,"href":"https:\/\/archive.sana.sy\/es\/index.php?rest_route=\/wp\/v2\/users\/30"}],"replies":[{"embeddable":true,"href":"https:\/\/archive.sana.sy\/es\/index.php?rest_route=%2Fwp%2Fv2%2Fcomments&post=229487"}],"version-history":[{"count":0,"href":"https:\/\/archive.sana.sy\/es\/index.php?rest_route=\/wp\/v2\/posts\/229487\/revisions"}],"wp:featuredmedia":[{"embeddable":true,"href":"https:\/\/archive.sana.sy\/es\/index.php?rest_route=\/wp\/v2\/media\/229488"}],"wp:attachment":[{"href":"https:\/\/archive.sana.sy\/es\/index.php?rest_route=%2Fwp%2Fv2%2Fmedia&parent=229487"}],"wp:term":[{"taxonomy":"category","embeddable":true,"href":"https:\/\/archive.sana.sy\/es\/index.php?rest_route=%2Fwp%2Fv2%2Fcategories&post=229487"},{"taxonomy":"post_tag","embeddable":true,"href":"https:\/\/archive.sana.sy\/es\/index.php?rest_route=%2Fwp%2Fv2%2Ftags&post=229487"}],"curies":[{"name":"wp","href":"https:\/\/api.w.org\/{rel}","templated":true}]}}