{"id":229490,"date":"2022-04-18T18:53:50","date_gmt":"2022-04-18T15:53:50","guid":{"rendered":"http:\/\/107.6.182.27\/es\/?p=229490"},"modified":"2022-04-18T18:53:50","modified_gmt":"2022-04-18T15:53:50","slug":"con-apoyo-del-ejercito-sirio-lugarenos-de-hasakeh-expulsan-columna-de-la-ocupacion-estadounidense","status":"publish","type":"post","link":"https:\/\/archive.sana.sy\/es\/?p=229490","title":{"rendered":"Con apoyo del ej\u00e9rcito sirio lugare\u00f1os de Hasakeh expulsan columna de la ocupaci\u00f3n estadounidense"},"content":{"rendered":"<p style=\"text-align: justify;\"><strong>Hasakeh, 18 abr (SANA) <\/strong>Los lugare\u00f1os de las aldeas de Al-Daadoushiya y Sharko en el campo de Hasakeh, apoyados por un puesto de control del Ej\u00e9rcito \u00c1rabe Sirio, interceptaron una columna de las fuerzas de ocupaci\u00f3n estadounidenses y la expulsaron de la zona.<\/p>\n<p style=\"text-align: justify;\">Seg\u00fan informaron activistas locales a nuestro corresponsal, una columna de cuatro veh\u00edculos blindados de las fuerzas de ocupaci\u00f3n estadounidenses, acompa\u00f1ada por un autom\u00f3vil perteneciente a la milicia FDS, apadrinada por esta entidad ocupante, intent\u00f3 cruzar la aldea de Al-Daadoushiya y alcanzar la carretera internacional.<\/p>\n<p style=\"text-align: justify;\">\u201cLos lugare\u00f1os de esta aldea enfrentaron la columna estadounidense con el apoyo del ej\u00e9rcito y los pobladores de la aldea Sharko y la obligaron a retirarse por donde ven\u00eda\u201d, detallaron los activistas.<\/p>\n<p style=\"text-align: justify;\">La v\u00edspera, los residentes de la aldea de Tel Ahmed interceptaron una semejante columna de cinco veh\u00edculos blindados estadounidenses acompa\u00f1ados por un autom\u00f3vil de la milicia FDS que intent\u00f3 pasar por la aldea, lanzaron piedras en su contra, rompieron el parabrisas del autom\u00f3vil de la milicia y expulsaron la columna fuera de la zona.<\/p>\n<p style=\"text-align: justify;\"><em><strong>ah\/rsh<\/strong><\/em><\/p>\n","protected":false},"excerpt":{"rendered":"<p>Hasakeh, 18 abr (SANA) Los lugare\u00f1os de las aldeas de Al-Daadoushiya y Sharko en el campo de Hasakeh, apoyados por un puesto de control del Ej\u00e9rcito \u00c1rabe Sirio, interceptaron una columna de las fuerzas de ocupaci\u00f3n estadounidenses y la expulsaron de la zona. Seg\u00fan informaron activistas locales a nuestro corresponsal, una columna de cuatro veh\u00edculos &hellip;<\/p>\n","protected":false},"author":30,"featured_media":229491,"comment_status":"closed","ping_status":"closed","sticky":false,"template":"","format":"standard","meta":{"footnotes":""},"categories":[447,477,597,476,457,7541],"tags":[],"class_list":["post-229490","post","type-post","status-publish","format-standard","has-post-thumbnail","","category-local-politica","category-noticias-edulcorantes","category-cinta-de-noticias","category-locales","category-noticias-arabe-internacional-politica","category-ultimas-noticias"],"_links":{"self":[{"href":"https:\/\/archive.sana.sy\/es\/index.php?rest_route=\/wp\/v2\/posts\/229490"}],"collection":[{"href":"https:\/\/archive.sana.sy\/es\/index.php?rest_route=\/wp\/v2\/posts"}],"about":[{"href":"https:\/\/archive.sana.sy\/es\/index.php?rest_route=\/wp\/v2\/types\/post"}],"author":[{"embeddable":true,"href":"https:\/\/archive.sana.sy\/es\/index.php?rest_route=\/wp\/v2\/users\/30"}],"replies":[{"embeddable":true,"href":"https:\/\/archive.sana.sy\/es\/index.php?rest_route=%2Fwp%2Fv2%2Fcomments&post=229490"}],"version-history":[{"count":0,"href":"https:\/\/archive.sana.sy\/es\/index.php?rest_route=\/wp\/v2\/posts\/229490\/revisions"}],"wp:featuredmedia":[{"embeddable":true,"href":"https:\/\/archive.sana.sy\/es\/index.php?rest_route=\/wp\/v2\/media\/229491"}],"wp:attachment":[{"href":"https:\/\/archive.sana.sy\/es\/index.php?rest_route=%2Fwp%2Fv2%2Fmedia&parent=229490"}],"wp:term":[{"taxonomy":"category","embeddable":true,"href":"https:\/\/archive.sana.sy\/es\/index.php?rest_route=%2Fwp%2Fv2%2Fcategories&post=229490"},{"taxonomy":"post_tag","embeddable":true,"href":"https:\/\/archive.sana.sy\/es\/index.php?rest_route=%2Fwp%2Fv2%2Ftags&post=229490"}],"curies":[{"name":"wp","href":"https:\/\/api.w.org\/{rel}","templated":true}]}}