{"id":229539,"date":"2022-04-19T05:57:14","date_gmt":"2022-04-19T02:57:14","guid":{"rendered":"http:\/\/107.6.182.27\/es\/?p=229539"},"modified":"2023-01-10T16:34:24","modified_gmt":"2023-01-10T14:34:24","slug":"israel-bombardea-la-franja-de-gaza-2","status":"publish","type":"post","link":"https:\/\/archive.sana.sy\/es\/?p=229539","title":{"rendered":"\u201cIsrael\u201d bombardea la Franja de Gaza"},"content":{"rendered":"<p style=\"text-align: justify;\"><span style=\"color: #800000;\"><strong>Jerusal\u00e9n ocupada, 19 abr (SANA)\u00a0<\/strong><\/span>\u00a0 Los aviones de combate del ocupante israel\u00ed bombardearon hoy la Franja de Gaza.<\/p>\n<p style=\"text-align: justify;\">Seg\u00fan reportes de la agencia de noticias palestina Maan, los cazas lanzaron una serie de incursiones contra varias \u00e1reas en Khan Yunis en el sur de la Franja, lo que caus\u00f3 graves da\u00f1os en las propiedades palestinas sin reportarse heridos.<\/p>\n<p style=\"text-align: justify;\">La v\u00edspera, las fuerzas de ocupaci\u00f3n se adentraron en el sur de la Franja de Gaza y arrasaron a tierras agr\u00edcolas de los palestinos.<\/p>\n<p style=\"text-align: justify;\">fm<\/p>\n","protected":false},"excerpt":{"rendered":"<p>Jerusal\u00e9n ocupada, 19 abr (SANA)\u00a0\u00a0 Los aviones de combate del ocupante israel\u00ed bombardearon hoy la Franja de Gaza. Seg\u00fan reportes de la agencia de noticias palestina Maan, los cazas lanzaron una serie de incursiones contra varias \u00e1reas en Khan Yunis en el sur de la Franja, lo que caus\u00f3 graves da\u00f1os en las propiedades palestinas &hellip;<\/p>\n","protected":false},"author":34,"featured_media":229540,"comment_status":"closed","ping_status":"closed","sticky":false,"template":"","format":"standard","meta":{"footnotes":""},"categories":[597,456,7541],"tags":[],"class_list":["post-229539","post","type-post","status-publish","format-standard","has-post-thumbnail","","category-cinta-de-noticias","category-arabe-internacional-politica","category-ultimas-noticias"],"_links":{"self":[{"href":"https:\/\/archive.sana.sy\/es\/index.php?rest_route=\/wp\/v2\/posts\/229539"}],"collection":[{"href":"https:\/\/archive.sana.sy\/es\/index.php?rest_route=\/wp\/v2\/posts"}],"about":[{"href":"https:\/\/archive.sana.sy\/es\/index.php?rest_route=\/wp\/v2\/types\/post"}],"author":[{"embeddable":true,"href":"https:\/\/archive.sana.sy\/es\/index.php?rest_route=\/wp\/v2\/users\/34"}],"replies":[{"embeddable":true,"href":"https:\/\/archive.sana.sy\/es\/index.php?rest_route=%2Fwp%2Fv2%2Fcomments&post=229539"}],"version-history":[{"count":0,"href":"https:\/\/archive.sana.sy\/es\/index.php?rest_route=\/wp\/v2\/posts\/229539\/revisions"}],"wp:featuredmedia":[{"embeddable":true,"href":"https:\/\/archive.sana.sy\/es\/index.php?rest_route=\/wp\/v2\/media\/229540"}],"wp:attachment":[{"href":"https:\/\/archive.sana.sy\/es\/index.php?rest_route=%2Fwp%2Fv2%2Fmedia&parent=229539"}],"wp:term":[{"taxonomy":"category","embeddable":true,"href":"https:\/\/archive.sana.sy\/es\/index.php?rest_route=%2Fwp%2Fv2%2Fcategories&post=229539"},{"taxonomy":"post_tag","embeddable":true,"href":"https:\/\/archive.sana.sy\/es\/index.php?rest_route=%2Fwp%2Fv2%2Ftags&post=229539"}],"curies":[{"name":"wp","href":"https:\/\/api.w.org\/{rel}","templated":true}]}}