{"id":229542,"date":"2022-04-19T06:12:12","date_gmt":"2022-04-19T03:12:12","guid":{"rendered":"http:\/\/107.6.182.27\/es\/?p=229542"},"modified":"2023-01-10T16:34:23","modified_gmt":"2023-01-10T14:34:23","slug":"kiev-retiene-76-barcos-extranjeros-e-impide-su-navegacion-a-mar-abierto","status":"publish","type":"post","link":"https:\/\/archive.sana.sy\/es\/?p=229542","title":{"rendered":"Kiev retiene 76 barcos extranjeros e impide su navegaci\u00f3n a mar abierto"},"content":{"rendered":"<p style=\"text-align: justify;\"><span style=\"color: #800000;\"><strong>Mosc\u00fa, 19 abr (SANA)\u00a0 \u00a0<\/strong><\/span>El jefe del Centro de Gesti\u00f3n de Defensa de Rusia, Mikhail Mizintsev, anunci\u00f3 hoy que las autoridades del r\u00e9gimen de Kiev retienen 76 barcos de 18 pa\u00edses en los puertos mar\u00edtimos de Ucrania.<\/p>\n<p style=\"text-align: justify;\">&#8220;76 barcos extranjeros de 18 pa\u00edses siguen atrapados en los puertos ucranianos&#8221;, dijo Mezintsev citado por la agencia de noticias rusa TASS.<\/p>\n<p style=\"text-align: justify;\">Advirti\u00f3 del peligro resultante de los bombardeos y minas provocadas por las autoridades de Kiev en sus aguas interiores y territoriales, lo que impide que los barcos naveguen sin obst\u00e1culos.<\/p>\n<p style=\"text-align: justify;\">El oficial se\u00f1al\u00f3 que Kiev sigue evitando comunicarse con representantes de pa\u00edses y compa\u00f1\u00edas propietarias de los barcos, y se niegan a dialogar y discutir temas para garantizar la salida segura de barcos extranjeros.<\/p>\n<p style=\"text-align: justify;\">fm<\/p>\n","protected":false},"excerpt":{"rendered":"<p>Mosc\u00fa, 19 abr (SANA)\u00a0 \u00a0El jefe del Centro de Gesti\u00f3n de Defensa de Rusia, Mikhail Mizintsev, anunci\u00f3 hoy que las autoridades del r\u00e9gimen de Kiev retienen 76 barcos de 18 pa\u00edses en los puertos mar\u00edtimos de Ucrania. &#8220;76 barcos extranjeros de 18 pa\u00edses siguen atrapados en los puertos ucranianos&#8221;, dijo Mezintsev citado por la agencia &hellip;<\/p>\n","protected":false},"author":34,"featured_media":229543,"comment_status":"closed","ping_status":"closed","sticky":false,"template":"","format":"standard","meta":{"footnotes":""},"categories":[597,456,7541],"tags":[],"class_list":["post-229542","post","type-post","status-publish","format-standard","has-post-thumbnail","","category-cinta-de-noticias","category-arabe-internacional-politica","category-ultimas-noticias"],"_links":{"self":[{"href":"https:\/\/archive.sana.sy\/es\/index.php?rest_route=\/wp\/v2\/posts\/229542"}],"collection":[{"href":"https:\/\/archive.sana.sy\/es\/index.php?rest_route=\/wp\/v2\/posts"}],"about":[{"href":"https:\/\/archive.sana.sy\/es\/index.php?rest_route=\/wp\/v2\/types\/post"}],"author":[{"embeddable":true,"href":"https:\/\/archive.sana.sy\/es\/index.php?rest_route=\/wp\/v2\/users\/34"}],"replies":[{"embeddable":true,"href":"https:\/\/archive.sana.sy\/es\/index.php?rest_route=%2Fwp%2Fv2%2Fcomments&post=229542"}],"version-history":[{"count":0,"href":"https:\/\/archive.sana.sy\/es\/index.php?rest_route=\/wp\/v2\/posts\/229542\/revisions"}],"wp:featuredmedia":[{"embeddable":true,"href":"https:\/\/archive.sana.sy\/es\/index.php?rest_route=\/wp\/v2\/media\/229543"}],"wp:attachment":[{"href":"https:\/\/archive.sana.sy\/es\/index.php?rest_route=%2Fwp%2Fv2%2Fmedia&parent=229542"}],"wp:term":[{"taxonomy":"category","embeddable":true,"href":"https:\/\/archive.sana.sy\/es\/index.php?rest_route=%2Fwp%2Fv2%2Fcategories&post=229542"},{"taxonomy":"post_tag","embeddable":true,"href":"https:\/\/archive.sana.sy\/es\/index.php?rest_route=%2Fwp%2Fv2%2Ftags&post=229542"}],"curies":[{"name":"wp","href":"https:\/\/api.w.org\/{rel}","templated":true}]}}