{"id":229564,"date":"2022-04-19T11:13:54","date_gmt":"2022-04-19T08:13:54","guid":{"rendered":"http:\/\/107.6.182.27\/es\/?p=229564"},"modified":"2023-01-09T14:04:06","modified_gmt":"2023-01-09T12:04:06","slug":"muere-civil-por-explosion-de-una-mina-remanente-de-terroristas-en-el-este-de-hama","status":"publish","type":"post","link":"https:\/\/archive.sana.sy\/es\/?p=229564","title":{"rendered":"Muere civil por explosi\u00f3n de una mina remanente de terroristas en el este de Hama"},"content":{"rendered":"<p style=\"text-align: justify;\"><strong>Hama, 19 abr (SANA)<\/strong>\u00a0 Un civil perdi\u00f3 la vida esta ma\u00f1ana del martes, por el estallido de una mina remanente de los terroristas del Daesh en el campo este de la provincia central de Hama.<\/p>\n<p style=\"text-align: justify;\">Fuente policial comunic\u00f3 a SANA que la explosi\u00f3n ocurri\u00f3 al paso de un autom\u00f3vil en la aldea de Abu Lafa en el municipio de Salamieh al noreste de Hama.<\/p>\n<p style=\"text-align: justify;\">Los lugare\u00f1os del campo de Hama se vuelven vulnerables a tales accidentes de vez en cuando debido a las actividades de organizaciones terroristas antes de su derrota en esas aldeas.<\/p>\n<p style=\"text-align: justify;\"><em><strong>ws\/fm<\/strong><\/em><\/p>\n","protected":false},"excerpt":{"rendered":"<p>Hama, 19 abr (SANA)\u00a0 Un civil perdi\u00f3 la vida esta ma\u00f1ana del martes, por el estallido de una mina remanente de los terroristas del Daesh en el campo este de la provincia central de Hama. Fuente policial comunic\u00f3 a SANA que la explosi\u00f3n ocurri\u00f3 al paso de un autom\u00f3vil en la aldea de Abu Lafa &hellip;<\/p>\n","protected":false},"author":35,"featured_media":229569,"comment_status":"closed","ping_status":"closed","sticky":false,"template":"","format":"standard","meta":{"footnotes":""},"categories":[597,476,7541],"tags":[],"class_list":["post-229564","post","type-post","status-publish","format-standard","has-post-thumbnail","","category-cinta-de-noticias","category-locales","category-ultimas-noticias"],"_links":{"self":[{"href":"https:\/\/archive.sana.sy\/es\/index.php?rest_route=\/wp\/v2\/posts\/229564"}],"collection":[{"href":"https:\/\/archive.sana.sy\/es\/index.php?rest_route=\/wp\/v2\/posts"}],"about":[{"href":"https:\/\/archive.sana.sy\/es\/index.php?rest_route=\/wp\/v2\/types\/post"}],"author":[{"embeddable":true,"href":"https:\/\/archive.sana.sy\/es\/index.php?rest_route=\/wp\/v2\/users\/35"}],"replies":[{"embeddable":true,"href":"https:\/\/archive.sana.sy\/es\/index.php?rest_route=%2Fwp%2Fv2%2Fcomments&post=229564"}],"version-history":[{"count":0,"href":"https:\/\/archive.sana.sy\/es\/index.php?rest_route=\/wp\/v2\/posts\/229564\/revisions"}],"wp:featuredmedia":[{"embeddable":true,"href":"https:\/\/archive.sana.sy\/es\/index.php?rest_route=\/wp\/v2\/media\/229569"}],"wp:attachment":[{"href":"https:\/\/archive.sana.sy\/es\/index.php?rest_route=%2Fwp%2Fv2%2Fmedia&parent=229564"}],"wp:term":[{"taxonomy":"category","embeddable":true,"href":"https:\/\/archive.sana.sy\/es\/index.php?rest_route=%2Fwp%2Fv2%2Fcategories&post=229564"},{"taxonomy":"post_tag","embeddable":true,"href":"https:\/\/archive.sana.sy\/es\/index.php?rest_route=%2Fwp%2Fv2%2Ftags&post=229564"}],"curies":[{"name":"wp","href":"https:\/\/api.w.org\/{rel}","templated":true}]}}