{"id":229654,"date":"2022-04-19T19:59:42","date_gmt":"2022-04-19T16:59:42","guid":{"rendered":"http:\/\/107.6.182.27\/es\/?p=229654"},"modified":"2022-04-19T19:59:42","modified_gmt":"2022-04-19T16:59:42","slug":"continua-proceso-de-reconciliacion-en-las-provincias-sirias-de-deir-ezzor-raqa-y-alepo","status":"publish","type":"post","link":"https:\/\/archive.sana.sy\/es\/?p=229654","title":{"rendered":"Contin\u00faa proceso de reconciliaci\u00f3n en las provincias sirias de Deir Ezzor, Raqa y Alepo"},"content":{"rendered":"<p style=\"text-align: justify;\"><strong><span style=\"color: #800000;\">Provincia, 14 abr (SANA)<\/span> <\/strong>Los centros de reconciliaci\u00f3n en las provincias sirias de Deir Ezzor, Raqa y Alepo siguen recibiendo a las personas que deseen ajustar su estatus jur\u00eddico.<\/p>\n<p style=\"text-align: justify;\">El corresponsal de SANA en Deir Ezzor infirm\u00f3 que el proceso de reconciliaci\u00f3n, que entra en su sexto mes, contin\u00faa en el centro de la sala de Al Aamel.<\/p>\n<p style=\"text-align: justify;\">En la provincia de Raqa, seg\u00fan el corresponsal de SANA, varias personas acudieron a los centros de Sabkha y Debsi Afnan con el fin de incorporarse al proceso de reconciliaci\u00f3n a pesar de los obst\u00e1culos impuestos por la milicia preoestadounidense \u201cFDS\u201d.<\/p>\n<p style=\"text-align: justify;\">Asimismo, varios centros de reconciliaci\u00f3n en la provincia de Alepo siguen recibiendo a las personas que deseen unirse al proceso destacando la facilidad de los tr\u00e1mites.<\/p>\n<p>mm<\/p>\n","protected":false},"excerpt":{"rendered":"<p>Provincia, 14 abr (SANA) Los centros de reconciliaci\u00f3n en las provincias sirias de Deir Ezzor, Raqa y Alepo siguen recibiendo a las personas que deseen ajustar su estatus jur\u00eddico. El corresponsal de SANA en Deir Ezzor infirm\u00f3 que el proceso de reconciliaci\u00f3n, que entra en su sexto mes, contin\u00faa en el centro de la sala &hellip;<\/p>\n","protected":false},"author":36,"featured_media":229658,"comment_status":"closed","ping_status":"closed","sticky":false,"template":"","format":"standard","meta":{"footnotes":""},"categories":[597,476,7541],"tags":[],"class_list":["post-229654","post","type-post","status-publish","format-standard","has-post-thumbnail","","category-cinta-de-noticias","category-locales","category-ultimas-noticias"],"_links":{"self":[{"href":"https:\/\/archive.sana.sy\/es\/index.php?rest_route=\/wp\/v2\/posts\/229654"}],"collection":[{"href":"https:\/\/archive.sana.sy\/es\/index.php?rest_route=\/wp\/v2\/posts"}],"about":[{"href":"https:\/\/archive.sana.sy\/es\/index.php?rest_route=\/wp\/v2\/types\/post"}],"author":[{"embeddable":true,"href":"https:\/\/archive.sana.sy\/es\/index.php?rest_route=\/wp\/v2\/users\/36"}],"replies":[{"embeddable":true,"href":"https:\/\/archive.sana.sy\/es\/index.php?rest_route=%2Fwp%2Fv2%2Fcomments&post=229654"}],"version-history":[{"count":0,"href":"https:\/\/archive.sana.sy\/es\/index.php?rest_route=\/wp\/v2\/posts\/229654\/revisions"}],"wp:featuredmedia":[{"embeddable":true,"href":"https:\/\/archive.sana.sy\/es\/index.php?rest_route=\/wp\/v2\/media\/229658"}],"wp:attachment":[{"href":"https:\/\/archive.sana.sy\/es\/index.php?rest_route=%2Fwp%2Fv2%2Fmedia&parent=229654"}],"wp:term":[{"taxonomy":"category","embeddable":true,"href":"https:\/\/archive.sana.sy\/es\/index.php?rest_route=%2Fwp%2Fv2%2Fcategories&post=229654"},{"taxonomy":"post_tag","embeddable":true,"href":"https:\/\/archive.sana.sy\/es\/index.php?rest_route=%2Fwp%2Fv2%2Ftags&post=229654"}],"curies":[{"name":"wp","href":"https:\/\/api.w.org\/{rel}","templated":true}]}}