{"id":229662,"date":"2022-04-19T20:33:58","date_gmt":"2022-04-19T17:33:58","guid":{"rendered":"http:\/\/107.6.182.27\/es\/?p=229662"},"modified":"2023-01-10T16:34:20","modified_gmt":"2023-01-10T14:34:20","slug":"rusia-anuncia-la-expulsion-de-diplomaticos-de-austria","status":"publish","type":"post","link":"https:\/\/archive.sana.sy\/es\/?p=229662","title":{"rendered":"Rusia anuncia la expulsi\u00f3n de diplom\u00e1ticos de Austria"},"content":{"rendered":"<p style=\"text-align: justify;\"><strong><span style=\"color: #800000;\">Mosc\u00fa, 19 abr (SANA)<\/span><\/strong> El Ministerio de Exteriores ruso ha declarado a varios empleados de la legaci\u00f3n de Austria en Mosc\u00fa como &#8216;persona non grata&#8217; por lo que tendr\u00e1n que abandonar el territorio el 24 de abril como fecha l\u00edmite, seg\u00fan un comunicado recogido por agencias de noticias oficiales rusas.<\/p>\n<p style=\"text-align: justify;\">La cartera de Exteriores rusa ha entregado la nota correspondiente al embajador de Austria, Werner Almhofer, en un encuentro en el que se le ha trasladado &#8220;una firme protesta&#8221; por la reciente expulsi\u00f3n de cuatro empleados de la misi\u00f3n rusa en Viena.<\/p>\n<p style=\"text-align: justify;\">El Ministerio ruso ha subrayado que &#8220;este paso poco amistoso da\u00f1a gravemente tanto las relaciones bilaterales con Austria&#8221;.<\/p>\n<p style=\"text-align: justify;\">Anteriormente, el Gobierno de Rusia ha anunciado este martes la expulsi\u00f3n de diplom\u00e1ticos de Pa\u00edses Bajos, B\u00e9lgica en respuesta a medidas similares por parte de estos pa\u00edses.<\/p>\n<p>mm<\/p>\n","protected":false},"excerpt":{"rendered":"<p>Mosc\u00fa, 19 abr (SANA) El Ministerio de Exteriores ruso ha declarado a varios empleados de la legaci\u00f3n de Austria en Mosc\u00fa como &#8216;persona non grata&#8217; por lo que tendr\u00e1n que abandonar el territorio el 24 de abril como fecha l\u00edmite, seg\u00fan un comunicado recogido por agencias de noticias oficiales rusas. La cartera de Exteriores rusa &hellip;<\/p>\n","protected":false},"author":36,"featured_media":229663,"comment_status":"closed","ping_status":"closed","sticky":false,"template":"","format":"standard","meta":{"footnotes":""},"categories":[597,456,457],"tags":[],"class_list":["post-229662","post","type-post","status-publish","format-standard","has-post-thumbnail","","category-cinta-de-noticias","category-arabe-internacional-politica","category-noticias-arabe-internacional-politica"],"_links":{"self":[{"href":"https:\/\/archive.sana.sy\/es\/index.php?rest_route=\/wp\/v2\/posts\/229662"}],"collection":[{"href":"https:\/\/archive.sana.sy\/es\/index.php?rest_route=\/wp\/v2\/posts"}],"about":[{"href":"https:\/\/archive.sana.sy\/es\/index.php?rest_route=\/wp\/v2\/types\/post"}],"author":[{"embeddable":true,"href":"https:\/\/archive.sana.sy\/es\/index.php?rest_route=\/wp\/v2\/users\/36"}],"replies":[{"embeddable":true,"href":"https:\/\/archive.sana.sy\/es\/index.php?rest_route=%2Fwp%2Fv2%2Fcomments&post=229662"}],"version-history":[{"count":0,"href":"https:\/\/archive.sana.sy\/es\/index.php?rest_route=\/wp\/v2\/posts\/229662\/revisions"}],"wp:featuredmedia":[{"embeddable":true,"href":"https:\/\/archive.sana.sy\/es\/index.php?rest_route=\/wp\/v2\/media\/229663"}],"wp:attachment":[{"href":"https:\/\/archive.sana.sy\/es\/index.php?rest_route=%2Fwp%2Fv2%2Fmedia&parent=229662"}],"wp:term":[{"taxonomy":"category","embeddable":true,"href":"https:\/\/archive.sana.sy\/es\/index.php?rest_route=%2Fwp%2Fv2%2Fcategories&post=229662"},{"taxonomy":"post_tag","embeddable":true,"href":"https:\/\/archive.sana.sy\/es\/index.php?rest_route=%2Fwp%2Fv2%2Ftags&post=229662"}],"curies":[{"name":"wp","href":"https:\/\/api.w.org\/{rel}","templated":true}]}}