{"id":22977,"date":"2015-05-10T15:02:03","date_gmt":"2015-05-10T12:02:03","guid":{"rendered":"http:\/\/sana.sy\/es\/?p=22977"},"modified":"2015-05-10T15:02:03","modified_gmt":"2015-05-10T12:02:03","slug":"patriarca-afram-ii-inaugura-un-centro-siriaco-en-nueva-jersey","status":"publish","type":"post","link":"https:\/\/archive.sana.sy\/es\/?p=22977","title":{"rendered":"Patriarca Afram II inaugura un centro siriaco en Nueva Jersey"},"content":{"rendered":"<p><span style=\"color: #800000\">Nueva Jersey, SANA<\/span><\/p>\n<p>Su beatitud Mar Ignatios Afram II, patriarca de Antioqu\u00eda y todo el Oriente, M\u00e1xima Autoridad de la Iglesia Siriaca Ortodoxa en el mundo, inaugur\u00f3 esta madrugada el Centro de Mar Afram al-Siriani en la ciudad estadounidense de Nueva Jersey con una asistencia oficial y popular, y la participaci\u00f3n de patriarcas de la iglesia siriaca en EEUU.<\/p>\n<p>En declaraciones a SANA, el patriarca Afram reiter\u00f3 el aferramiento de los sirios a su tierra, destacando la importancia del centro siriaco para los miembros de la comunidad siria en EEUU y Europa, siendo un centro que da a conocer la crisis que vive Siria y desenmascara la desinformaci\u00f3n promovida en su contra.<\/p>\n<p>El Patriarca acot\u00f3 que la Santa Sede de Antioqu\u00eda tiene una sola sede en Damasco, y no tendr\u00e1 otra.<\/p>\n<p>Es de se\u00f1alar que el Centro de Mar Afram al-Siriani incluye\u00a0 una capilla que lleva el nombre del santo Afram, una oficina patriarcal, una sede de los obispos del patriarcado, sedes para ense\u00f1ar el idioma siriaco y la teolog\u00eda, un museo de los iconos y los manuscritos siriacos.<\/p>\n<p>Lynn A., Riyad Sh.<\/p>\n","protected":false},"excerpt":{"rendered":"<p>Nueva Jersey, SANA Su beatitud Mar Ignatios Afram II, patriarca de Antioqu\u00eda y todo el Oriente, M\u00e1xima Autoridad de la Iglesia Siriaca Ortodoxa en el mundo, inaugur\u00f3 esta madrugada el Centro de Mar Afram al-Siriani en la ciudad estadounidense de Nueva Jersey con una asistencia oficial y popular, y la participaci\u00f3n de patriarcas de la &hellip;<\/p>\n","protected":false},"author":24,"featured_media":22978,"comment_status":"closed","ping_status":"closed","sticky":false,"template":"","format":"standard","meta":{"footnotes":""},"categories":[1],"tags":[5195],"class_list":["post-22977","post","type-post","status-publish","format-standard","has-post-thumbnail","","category-news-not-sorted","tag-patriarca-afram-ii-inaugura-un-centro-siriaco-en-nueva-jersey"],"_links":{"self":[{"href":"https:\/\/archive.sana.sy\/es\/index.php?rest_route=\/wp\/v2\/posts\/22977"}],"collection":[{"href":"https:\/\/archive.sana.sy\/es\/index.php?rest_route=\/wp\/v2\/posts"}],"about":[{"href":"https:\/\/archive.sana.sy\/es\/index.php?rest_route=\/wp\/v2\/types\/post"}],"author":[{"embeddable":true,"href":"https:\/\/archive.sana.sy\/es\/index.php?rest_route=\/wp\/v2\/users\/24"}],"replies":[{"embeddable":true,"href":"https:\/\/archive.sana.sy\/es\/index.php?rest_route=%2Fwp%2Fv2%2Fcomments&post=22977"}],"version-history":[{"count":0,"href":"https:\/\/archive.sana.sy\/es\/index.php?rest_route=\/wp\/v2\/posts\/22977\/revisions"}],"wp:featuredmedia":[{"embeddable":true,"href":"https:\/\/archive.sana.sy\/es\/index.php?rest_route=\/wp\/v2\/media\/22978"}],"wp:attachment":[{"href":"https:\/\/archive.sana.sy\/es\/index.php?rest_route=%2Fwp%2Fv2%2Fmedia&parent=22977"}],"wp:term":[{"taxonomy":"category","embeddable":true,"href":"https:\/\/archive.sana.sy\/es\/index.php?rest_route=%2Fwp%2Fv2%2Fcategories&post=22977"},{"taxonomy":"post_tag","embeddable":true,"href":"https:\/\/archive.sana.sy\/es\/index.php?rest_route=%2Fwp%2Fv2%2Ftags&post=22977"}],"curies":[{"name":"wp","href":"https:\/\/api.w.org\/{rel}","templated":true}]}}